{"id":9987,"date":"2016-09-13T00:25:59","date_gmt":"2016-09-12T22:25:59","guid":{"rendered":"http:\/\/www.primariarovinari.ro\/?p=9987"},"modified":"2016-09-13T07:27:58","modified_gmt":"2016-09-13T05:27:58","slug":"startul-anului-scolar-2016-2017","status":"publish","type":"post","link":"https:\/\/primariarovinari.ro\/old\/2016\/09\/startul-anului-scolar-2016-2017\/","title":{"rendered":"Startul Anului Scolar 2016-2017"},"content":{"rendered":"<p>Administra\u0163ia local\u0103 a investit \u00een \u00eenv\u0103\u0163\u0103m\u00e2ntul rovinarean, pentru c\u0103 a dorit s\u0103 creeze copiilor medii pl\u0103cute, medii corespunz\u0103toare pentru desf\u0103\u015furarea activitatilor scolare.<br \/>\nIn acest an investim in modernizarea bazelor sportive din incinta Scolii Generale nr. 1 si Colegiului &#8222;Gheorghe Tatarescu&#8221; dar si in dotarile corespunzatoare functionarii normale a unitatilor de invatamant.<br \/>\n&#8222;Dragi copii,<br \/>\nV\u0103 doresc s\u0103 \u00eencepe\u0163i anul \u015fcolar optimisti \u00een for\u0163ele voastre \u015fi cu ambitia de<span class=\"text_exposed_show\"> a demonstra c\u0103 sunte\u0163i capabili s\u0103 fi\u0163i responsabili.<br \/>\nTrebuie s\u0103 fi\u0163i con\u015ftien\u0163i pentru c\u0103 \u015fcoala este foarte important\u0103 in viitorul vostru \u015fi s\u0103 v\u0103 g\u00e2ndi\u0163i c\u0103 dup\u0103 terminarea anilor scolari ve\u0163i fi nevoi\u0163i s\u0103 v\u0103 descurca\u0163i si f\u0103r\u0103 ajutorul p\u0103rin\u0163ilor.<br \/>\nAve\u0163i sprijinul meu, al cadrelor didactice \u015fi al p\u0103rin\u0163ilor \u00een activit\u0103\u0163ile educationale pe care vre\u0163i s\u0103 le desf\u0103\u015fura\u0163i in acest an scolar.<br \/>\nAve\u0163i la dispozi\u0163ie cadre didactice preg\u0103tite, precum \u015fi s\u0103li de clas\u0103 moderne care asigur\u0103 confortul necesar pentru desf\u0103\u015furarea orelor, iar ceea ce trebuie voi s\u0103 ave\u0163i \u00een vedere este s\u0103 asculta\u0163i de domnii profesori \u015fi de p\u0103rin\u0163i, pentru c\u0103 ei sunt \u00een m\u0103sur\u0103 s\u0103 v\u0103 ofere o educa\u0163ie potrivit\u0103.<br \/>\nV\u0103 urez un an \u015fcolar incantator, cu rezultate c\u00e2t mai bune \u015fi mult succes cadrelor didactice \u015fi elevilor \u00een desf\u0103\u015furarea activit\u0103\u0163ii \u015fcolare.\u201d<br \/>\nPrimarul Orasului Rovinari,<br \/>\nRobert Dorin FILIP<\/span><\/p>\n<p><a href=\"http:\/\/www.primariarovinari.ro\/wp-content\/uploads\/2016\/09\/IMG_5705.jpg\"><img loading=\"lazy\" decoding=\"async\" class=\"size-medium wp-image-9988 alignleft\" src=\"http:\/\/www.primariarovinari.ro\/wp-content\/uploads\/2016\/09\/IMG_5705-300x200.jpg\" alt=\"img_5705\" width=\"300\" height=\"200\" srcset=\"https:\/\/primariarovinari.ro\/old\/wp-content\/uploads\/2016\/09\/IMG_5705-300x200.jpg 300w, https:\/\/primariarovinari.ro\/old\/wp-content\/uploads\/2016\/09\/IMG_5705-768x512.jpg 768w, https:\/\/primariarovinari.ro\/old\/wp-content\/uploads\/2016\/09\/IMG_5705-1024x683.jpg 1024w\" sizes=\"auto, (max-width: 300px) 100vw, 300px\" \/><\/a> <a href=\"http:\/\/www.primariarovinari.ro\/wp-content\/uploads\/2016\/09\/IMG_5719.jpg\"><img loading=\"lazy\" decoding=\"async\" class=\"size-medium wp-image-9989 alignleft\" src=\"http:\/\/www.primariarovinari.ro\/wp-content\/uploads\/2016\/09\/IMG_5719-300x200.jpg\" alt=\"img_5719\" width=\"300\" height=\"200\" srcset=\"https:\/\/primariarovinari.ro\/old\/wp-content\/uploads\/2016\/09\/IMG_5719-300x200.jpg 300w, https:\/\/primariarovinari.ro\/old\/wp-content\/uploads\/2016\/09\/IMG_5719-768x512.jpg 768w, https:\/\/primariarovinari.ro\/old\/wp-content\/uploads\/2016\/09\/IMG_5719-1024x683.jpg 1024w\" sizes=\"auto, (max-width: 300px) 100vw, 300px\" \/><\/a> <a href=\"http:\/\/www.primariarovinari.ro\/wp-content\/uploads\/2016\/09\/IMG_5755.jpg\"><img loading=\"lazy\" decoding=\"async\" class=\"size-medium wp-image-9990 alignleft\" src=\"http:\/\/www.primariarovinari.ro\/wp-content\/uploads\/2016\/09\/IMG_5755-300x200.jpg\" alt=\"img_5755\" width=\"300\" height=\"200\" srcset=\"https:\/\/primariarovinari.ro\/old\/wp-content\/uploads\/2016\/09\/IMG_5755-300x200.jpg 300w, https:\/\/primariarovinari.ro\/old\/wp-content\/uploads\/2016\/09\/IMG_5755-768x512.jpg 768w, https:\/\/primariarovinari.ro\/old\/wp-content\/uploads\/2016\/09\/IMG_5755-1024x683.jpg 1024w\" sizes=\"auto, (max-width: 300px) 100vw, 300px\" \/><\/a> <a href=\"http:\/\/www.primariarovinari.ro\/wp-content\/uploads\/2016\/09\/IMG_5788.jpg\"><img loading=\"lazy\" decoding=\"async\" class=\"size-medium wp-image-9991 alignleft\" src=\"http:\/\/www.primariarovinari.ro\/wp-content\/uploads\/2016\/09\/IMG_5788-300x200.jpg\" alt=\"img_5788\" width=\"300\" height=\"200\" srcset=\"https:\/\/primariarovinari.ro\/old\/wp-content\/uploads\/2016\/09\/IMG_5788-300x200.jpg 300w, https:\/\/primariarovinari.ro\/old\/wp-content\/uploads\/2016\/09\/IMG_5788-768x512.jpg 768w, https:\/\/primariarovinari.ro\/old\/wp-content\/uploads\/2016\/09\/IMG_5788-1024x683.jpg 1024w\" sizes=\"auto, (max-width: 300px) 100vw, 300px\" \/><\/a><\/p>\n","protected":false},"excerpt":{"rendered":"<p>Administra\u0163ia local\u0103 a investit \u00een \u00eenv\u0103\u0163\u0103m\u00e2ntul rovinarean, pentru c\u0103 a dorit s\u0103 creeze copiilor medii pl\u0103cute, medii corespunz\u0103toare pentru desf\u0103\u015furarea activitatilor scolare. In acest an investim in modernizarea bazelor sportive din incinta Scolii Generale nr. 1 si Colegiului &#8222;Gheorghe Tatarescu&#8221; dar si in dotarile corespunzatoare functionarii normale a unitatilor de invatamant. &#8222;Dragi copii, V\u0103 doresc [&hellip;]<\/p>\n","protected":false},"author":1001008,"featured_media":0,"comment_status":"open","ping_status":"open","sticky":false,"template":"","format":"standard","meta":{"ngg_post_thumbnail":0,"footnotes":""},"categories":[9],"tags":[],"class_list":["post-9987","post","type-post","status-publish","format-standard","hentry","category-anunturi"],"_links":{"self":[{"href":"https:\/\/primariarovinari.ro\/old\/wp-json\/wp\/v2\/posts\/9987","targetHints":{"allow":["GET"]}}],"collection":[{"href":"https:\/\/primariarovinari.ro\/old\/wp-json\/wp\/v2\/posts"}],"about":[{"href":"https:\/\/primariarovinari.ro\/old\/wp-json\/wp\/v2\/types\/post"}],"author":[{"embeddable":true,"href":"https:\/\/primariarovinari.ro\/old\/wp-json\/wp\/v2\/users\/1001008"}],"replies":[{"embeddable":true,"href":"https:\/\/primariarovinari.ro\/old\/wp-json\/wp\/v2\/comments?post=9987"}],"version-history":[{"count":0,"href":"https:\/\/primariarovinari.ro\/old\/wp-json\/wp\/v2\/posts\/9987\/revisions"}],"wp:attachment":[{"href":"https:\/\/primariarovinari.ro\/old\/wp-json\/wp\/v2\/media?parent=9987"}],"wp:term":[{"taxonomy":"category","embeddable":true,"href":"https:\/\/primariarovinari.ro\/old\/wp-json\/wp\/v2\/categories?post=9987"},{"taxonomy":"post_tag","embeddable":true,"href":"https:\/\/primariarovinari.ro\/old\/wp-json\/wp\/v2\/tags?post=9987"}],"curies":[{"name":"wp","href":"https:\/\/api.w.org\/{rel}","templated":true}]}}