{"id":9823,"date":"2016-07-20T15:07:22","date_gmt":"2016-07-20T13:07:22","guid":{"rendered":"http:\/\/www.primariarovinari.ro\/?p=9823"},"modified":"2016-07-20T15:11:47","modified_gmt":"2016-07-20T13:11:47","slug":"zi-de-doliu-in-rovinari-in-memoria-lui-cristian-coman","status":"publish","type":"post","link":"https:\/\/primariarovinari.ro\/old\/2016\/07\/zi-de-doliu-in-rovinari-in-memoria-lui-cristian-coman\/","title":{"rendered":"ZI DE DOLIU LA ROVINARI, IN MEMORIA LUI CRISTIAN COMAN"},"content":{"rendered":"<p>Prim\u0103ria ora\u0219ului Rovinari, prin primar Jr. Robert Dorin Filip, \u00ee\u0219i exprim\u0103 profundul regret fa\u021b\u0103 de tragica dispari\u021bie, \u00een urma atacului terorist de la Nisa, a cet\u0103\u021beanului rom\u00e2n Cristian Coman, originar din Rovinari.<br \/>\n\u00cen momentul producerii atentatului, Cristian Coman se afla \u00een vacan\u021b\u0103, \u00een Fran\u021ba, al\u0103turi de so\u021bie \u0219i de fiul lor, care au suferit \u0219i ei r\u0103ni grave, afl\u00e2ndu-se interna\u021bi, acum, \u00eentr-un spital din Nisa, \u00een stare stabil\u0103.<br \/>\nPe aceast\u0103 cale, transmitem sincere condolean\u021be familiei \u00eendurerate. De asemenea, le dorim \u00eens\u0103n\u0103to\u0219ire grabnic\u0103 so\u021biei \u0219i copilului.<\/p>\n<p><a href=\"http:\/\/www.primariarovinari.ro\/wp-content\/uploads\/2016\/07\/13782253_522570624601666_6386396377235795409_n.jpg\"><img loading=\"lazy\" decoding=\"async\" class=\"wp-image-9825 alignnone\" src=\"http:\/\/www.primariarovinari.ro\/wp-content\/uploads\/2016\/07\/13782253_522570624601666_6386396377235795409_n-300x188.jpg\" alt=\"13782253_522570624601666_6386396377235795409_n\" width=\"290\" height=\"182\" srcset=\"https:\/\/primariarovinari.ro\/old\/wp-content\/uploads\/2016\/07\/13782253_522570624601666_6386396377235795409_n-300x188.jpg 300w, https:\/\/primariarovinari.ro\/old\/wp-content\/uploads\/2016\/07\/13782253_522570624601666_6386396377235795409_n.jpg 480w\" sizes=\"auto, (max-width: 290px) 100vw, 290px\" \/><\/a><a href=\"http:\/\/www.primariarovinari.ro\/wp-content\/uploads\/2016\/07\/doliu.jpg\"><img loading=\"lazy\" decoding=\"async\" class=\"size-medium wp-image-9824 alignleft\" src=\"http:\/\/www.primariarovinari.ro\/wp-content\/uploads\/2016\/07\/doliu-300x200.jpg\" alt=\"doliu\" width=\"300\" height=\"200\" srcset=\"https:\/\/primariarovinari.ro\/old\/wp-content\/uploads\/2016\/07\/doliu-300x200.jpg 300w, https:\/\/primariarovinari.ro\/old\/wp-content\/uploads\/2016\/07\/doliu.jpg 600w\" sizes=\"auto, (max-width: 300px) 100vw, 300px\" \/><\/a><\/p>\n","protected":false},"excerpt":{"rendered":"<p>Prim\u0103ria ora\u0219ului Rovinari, prin primar Jr. Robert Dorin Filip, \u00ee\u0219i exprim\u0103 profundul regret fa\u021b\u0103 de tragica dispari\u021bie, \u00een urma atacului terorist de la Nisa, a cet\u0103\u021beanului rom\u00e2n Cristian Coman, originar din Rovinari. \u00cen momentul producerii atentatului, Cristian Coman se afla \u00een vacan\u021b\u0103, \u00een Fran\u021ba, al\u0103turi de so\u021bie \u0219i de fiul lor, care au suferit \u0219i [&hellip;]<\/p>\n","protected":false},"author":1001008,"featured_media":0,"comment_status":"open","ping_status":"open","sticky":false,"template":"","format":"standard","meta":{"ngg_post_thumbnail":0,"footnotes":""},"categories":[9],"tags":[],"class_list":["post-9823","post","type-post","status-publish","format-standard","hentry","category-anunturi"],"_links":{"self":[{"href":"https:\/\/primariarovinari.ro\/old\/wp-json\/wp\/v2\/posts\/9823","targetHints":{"allow":["GET"]}}],"collection":[{"href":"https:\/\/primariarovinari.ro\/old\/wp-json\/wp\/v2\/posts"}],"about":[{"href":"https:\/\/primariarovinari.ro\/old\/wp-json\/wp\/v2\/types\/post"}],"author":[{"embeddable":true,"href":"https:\/\/primariarovinari.ro\/old\/wp-json\/wp\/v2\/users\/1001008"}],"replies":[{"embeddable":true,"href":"https:\/\/primariarovinari.ro\/old\/wp-json\/wp\/v2\/comments?post=9823"}],"version-history":[{"count":0,"href":"https:\/\/primariarovinari.ro\/old\/wp-json\/wp\/v2\/posts\/9823\/revisions"}],"wp:attachment":[{"href":"https:\/\/primariarovinari.ro\/old\/wp-json\/wp\/v2\/media?parent=9823"}],"wp:term":[{"taxonomy":"category","embeddable":true,"href":"https:\/\/primariarovinari.ro\/old\/wp-json\/wp\/v2\/categories?post=9823"},{"taxonomy":"post_tag","embeddable":true,"href":"https:\/\/primariarovinari.ro\/old\/wp-json\/wp\/v2\/tags?post=9823"}],"curies":[{"name":"wp","href":"https:\/\/api.w.org\/{rel}","templated":true}]}}