{"id":9729,"date":"2016-07-04T14:39:43","date_gmt":"2016-07-04T12:39:43","guid":{"rendered":"http:\/\/www.primariarovinari.ro\/?p=9729"},"modified":"2016-07-04T14:48:02","modified_gmt":"2016-07-04T12:48:02","slug":"dezinsectie-privind-combaterea-insectelor-sezoniere","status":"publish","type":"post","link":"https:\/\/primariarovinari.ro\/old\/2016\/07\/dezinsectie-privind-combaterea-insectelor-sezoniere\/","title":{"rendered":"Dezinsectie privind combaterea insectelor sezoniere"},"content":{"rendered":"<p>V\u0103 facem cunoscut c\u0103 \u00eencep\u00e2nd cu data de 04 iulie 2016 pe raza Ora\u015fului Rovinari vor avea loc ac\u0163iuni de dezinsec\u0163ie \u00een intervalul orar 08.00-12.00.<\/p>\n<p>Dezinsec\u0163ia privind combatere c\u0103pu\u015fe, g\u00e2ndaci, purici, plo\u015fni\u0163e, \u0163\u00e2n\u0163ari,\u00a0se va face cu insecticid total prin stropirea vegeta\u0163iei din parcuri, spa\u0163ii verzi \u015fi aliniamente de arbori.<\/p>\n<p>Avertiz\u0103m pe aceast\u0103 cale cet\u0103\u0163enii \u015fi cresc\u0103torii de albine s\u0103 \u00ee\u015fi ia m\u0103suri suplimentare de precau\u0163ie sau s\u0103 anun\u0163e operatorul pentru a evita zonele \u00een care se afl\u0103 acestea.<\/p>\n<p>Totodat\u0103 anun\u0163\u0103m popula\u0163ia s\u0103 consume fructele \u015fi legumele expuse stropirii numai dup\u0103 ce au fost \u00een prealabil bine sp\u0103late.<\/p>\n<p><strong>Aceste ac\u0163iuni nu se vor desf\u0103\u015fura, dac\u0103 nu permit condi\u0163iile meteo.<\/strong><\/p>\n<p>Zonele in care s-a realizat dezinsectia sunt urmatoarele (04.07.2016):<\/p>\n<p><strong>Scoala Generala nr.1, str. Castanilor, str. Tineretului, zona Pietei ( str. Prieteniei), zona bl. G-uri<\/strong><\/p>\n<p>Zonele in care se vor face dezinsectiile sunt urmatoarele (05.07.2016):<\/p>\n<p><strong>&#8211; zona bloc ANL, str. 22 Decembrie, str. Plopilor ( zona A-uri, B-uri si C-uri), str. Florilor, Eco Park, str. Muncii. <\/strong><\/p>\n<p><a href=\"http:\/\/www.primariarovinari.ro\/wp-content\/uploads\/2016\/07\/anunt.jpg\"><img loading=\"lazy\" decoding=\"async\" class=\"alignleft wp-image-9730\" src=\"http:\/\/www.primariarovinari.ro\/wp-content\/uploads\/2016\/07\/anunt-212x300.jpg\" alt=\"anunt\" width=\"300\" height=\"424\" srcset=\"https:\/\/primariarovinari.ro\/old\/wp-content\/uploads\/2016\/07\/anunt-212x300.jpg 212w, https:\/\/primariarovinari.ro\/old\/wp-content\/uploads\/2016\/07\/anunt-768x1086.jpg 768w, https:\/\/primariarovinari.ro\/old\/wp-content\/uploads\/2016\/07\/anunt-724x1024.jpg 724w\" sizes=\"auto, (max-width: 300px) 100vw, 300px\" \/><\/a><a href=\"http:\/\/www.primariarovinari.ro\/wp-content\/uploads\/2016\/07\/IMG_4672.jpg\"><img loading=\"lazy\" decoding=\"async\" class=\"alignnone size-medium wp-image-9733\" src=\"http:\/\/www.primariarovinari.ro\/wp-content\/uploads\/2016\/07\/IMG_4672-300x200.jpg\" alt=\"IMG_4672\" width=\"300\" height=\"200\" srcset=\"https:\/\/primariarovinari.ro\/old\/wp-content\/uploads\/2016\/07\/IMG_4672-300x200.jpg 300w, https:\/\/primariarovinari.ro\/old\/wp-content\/uploads\/2016\/07\/IMG_4672-768x512.jpg 768w, https:\/\/primariarovinari.ro\/old\/wp-content\/uploads\/2016\/07\/IMG_4672-1024x683.jpg 1024w\" sizes=\"auto, (max-width: 300px) 100vw, 300px\" \/><\/a><a href=\"http:\/\/www.primariarovinari.ro\/wp-content\/uploads\/2016\/07\/IMG_4682.jpg\"><img loading=\"lazy\" decoding=\"async\" class=\"alignnone size-medium wp-image-9739\" src=\"http:\/\/www.primariarovinari.ro\/wp-content\/uploads\/2016\/07\/IMG_4682-300x200.jpg\" alt=\"IMG_4682\" width=\"300\" height=\"200\" srcset=\"https:\/\/primariarovinari.ro\/old\/wp-content\/uploads\/2016\/07\/IMG_4682-300x200.jpg 300w, https:\/\/primariarovinari.ro\/old\/wp-content\/uploads\/2016\/07\/IMG_4682-768x512.jpg 768w, https:\/\/primariarovinari.ro\/old\/wp-content\/uploads\/2016\/07\/IMG_4682-1024x683.jpg 1024w\" sizes=\"auto, (max-width: 300px) 100vw, 300px\" \/><\/a><\/p>\n<p>&nbsp;<\/p>\n","protected":false},"excerpt":{"rendered":"<p>V\u0103 facem cunoscut c\u0103 \u00eencep\u00e2nd cu data de 04 iulie 2016 pe raza Ora\u015fului Rovinari vor avea loc ac\u0163iuni de dezinsec\u0163ie \u00een intervalul orar 08.00-12.00. Dezinsec\u0163ia privind combatere c\u0103pu\u015fe, g\u00e2ndaci, purici, plo\u015fni\u0163e, \u0163\u00e2n\u0163ari,\u00a0se va face cu insecticid total prin stropirea vegeta\u0163iei din parcuri, spa\u0163ii verzi \u015fi aliniamente de arbori. Avertiz\u0103m pe aceast\u0103 cale cet\u0103\u0163enii \u015fi [&hellip;]<\/p>\n","protected":false},"author":1001008,"featured_media":0,"comment_status":"open","ping_status":"open","sticky":false,"template":"","format":"standard","meta":{"ngg_post_thumbnail":0,"footnotes":""},"categories":[9],"tags":[],"class_list":["post-9729","post","type-post","status-publish","format-standard","hentry","category-anunturi"],"_links":{"self":[{"href":"https:\/\/primariarovinari.ro\/old\/wp-json\/wp\/v2\/posts\/9729","targetHints":{"allow":["GET"]}}],"collection":[{"href":"https:\/\/primariarovinari.ro\/old\/wp-json\/wp\/v2\/posts"}],"about":[{"href":"https:\/\/primariarovinari.ro\/old\/wp-json\/wp\/v2\/types\/post"}],"author":[{"embeddable":true,"href":"https:\/\/primariarovinari.ro\/old\/wp-json\/wp\/v2\/users\/1001008"}],"replies":[{"embeddable":true,"href":"https:\/\/primariarovinari.ro\/old\/wp-json\/wp\/v2\/comments?post=9729"}],"version-history":[{"count":0,"href":"https:\/\/primariarovinari.ro\/old\/wp-json\/wp\/v2\/posts\/9729\/revisions"}],"wp:attachment":[{"href":"https:\/\/primariarovinari.ro\/old\/wp-json\/wp\/v2\/media?parent=9729"}],"wp:term":[{"taxonomy":"category","embeddable":true,"href":"https:\/\/primariarovinari.ro\/old\/wp-json\/wp\/v2\/categories?post=9729"},{"taxonomy":"post_tag","embeddable":true,"href":"https:\/\/primariarovinari.ro\/old\/wp-json\/wp\/v2\/tags?post=9729"}],"curies":[{"name":"wp","href":"https:\/\/api.w.org\/{rel}","templated":true}]}}