{"id":9667,"date":"2016-06-27T11:46:49","date_gmt":"2016-06-27T09:46:49","guid":{"rendered":"http:\/\/www.primariarovinari.ro\/?p=9667"},"modified":"2016-06-27T11:46:49","modified_gmt":"2016-06-27T09:46:49","slug":"incepand-cu-data-de-1-iulie-2016-se-va-mari-indemnizatia-lunara-de-crestere-a-copilului","status":"publish","type":"post","link":"https:\/\/primariarovinari.ro\/old\/2016\/06\/incepand-cu-data-de-1-iulie-2016-se-va-mari-indemnizatia-lunara-de-crestere-a-copilului\/","title":{"rendered":"\u00cencep\u00e2nd cu data de 1 iulie 2016 se va m\u0103ri indemniza\u021bia lunar\u0103 de cre\u0219tere a copilului"},"content":{"rendered":"<p>\u00cencep\u00e2nd cu data de 1 iulie 2016 se va m\u0103ri indemniza\u021bia lunar\u0103 de cre\u0219tere a copilului \u0219i se va\u00a0majorara \u015fi prelungi stimulentul de inser\u0163ie.<\/p>\n<p><a href=\"http:\/\/www.prestatiisociale.ro\/files\/comunicat_de%20presa_22_06_2016_.pdf\">http:\/\/www.prestatiisociale.ro\/files\/comunicat de presa<\/a><\/p>\n<p><a href=\"http:\/\/www.mmuncii.ro\/j33\/index.php\/ro\/comunicare\/comunicate-de-presa\/4491-cp-proceduri-acordare-icc-22062016\">http:\/\/www.mmuncii.ro\/j33\/index.php\/ro\/comunicare\/comunicate-de-presa\/4491<\/a><\/p>\n<p>&nbsp;<\/p>\n<p>&nbsp;<\/p>\n","protected":false},"excerpt":{"rendered":"<p>\u00cencep\u00e2nd cu data de 1 iulie 2016 se va m\u0103ri indemniza\u021bia lunar\u0103 de cre\u0219tere a copilului \u0219i se va\u00a0majorara \u015fi prelungi stimulentul de inser\u0163ie. http:\/\/www.prestatiisociale.ro\/files\/comunicat de presa http:\/\/www.mmuncii.ro\/j33\/index.php\/ro\/comunicare\/comunicate-de-presa\/4491 &nbsp; &nbsp;<\/p>\n","protected":false},"author":1001022,"featured_media":0,"comment_status":"open","ping_status":"open","sticky":false,"template":"","format":"standard","meta":{"ngg_post_thumbnail":0,"footnotes":""},"categories":[9],"tags":[],"class_list":["post-9667","post","type-post","status-publish","format-standard","hentry","category-anunturi"],"_links":{"self":[{"href":"https:\/\/primariarovinari.ro\/old\/wp-json\/wp\/v2\/posts\/9667","targetHints":{"allow":["GET"]}}],"collection":[{"href":"https:\/\/primariarovinari.ro\/old\/wp-json\/wp\/v2\/posts"}],"about":[{"href":"https:\/\/primariarovinari.ro\/old\/wp-json\/wp\/v2\/types\/post"}],"author":[{"embeddable":true,"href":"https:\/\/primariarovinari.ro\/old\/wp-json\/wp\/v2\/users\/1001022"}],"replies":[{"embeddable":true,"href":"https:\/\/primariarovinari.ro\/old\/wp-json\/wp\/v2\/comments?post=9667"}],"version-history":[{"count":0,"href":"https:\/\/primariarovinari.ro\/old\/wp-json\/wp\/v2\/posts\/9667\/revisions"}],"wp:attachment":[{"href":"https:\/\/primariarovinari.ro\/old\/wp-json\/wp\/v2\/media?parent=9667"}],"wp:term":[{"taxonomy":"category","embeddable":true,"href":"https:\/\/primariarovinari.ro\/old\/wp-json\/wp\/v2\/categories?post=9667"},{"taxonomy":"post_tag","embeddable":true,"href":"https:\/\/primariarovinari.ro\/old\/wp-json\/wp\/v2\/tags?post=9667"}],"curies":[{"name":"wp","href":"https:\/\/api.w.org\/{rel}","templated":true}]}}