{"id":9251,"date":"2016-03-02T14:57:17","date_gmt":"2016-03-02T12:57:17","guid":{"rendered":"http:\/\/www.primariarovinari.ro\/?p=9251"},"modified":"2016-03-02T15:46:37","modified_gmt":"2016-03-02T13:46:37","slug":"de-1-martie-traditia-continua-la-rovinari","status":"publish","type":"post","link":"https:\/\/primariarovinari.ro\/old\/2016\/03\/de-1-martie-traditia-continua-la-rovinari\/","title":{"rendered":"De 1 Martie, traditia continua, la Rovinari"},"content":{"rendered":"<p>Conform tradi\u0163iei, de<span style=\"color: #ff0000;\"><strong> 1 Martie<\/strong><\/span>, primarul Ora\u015fului Rovinari, Vodislav Claudiu \u2013 Dorinel, a oferit flori doamnelor \u015fi domni\u015foarelor din Ora\u015ful Rovinari.<\/p>\n<p>S\u0103rb\u0103toarea M\u0103r\u0163i\u015forului este o ocazie de celebrare a femeilor. A devenit deja o tradi\u0163ie ca primarul ora\u015fului s\u0103 marcheze <span style=\"color: #ff0000;\"><strong>Ziua M\u0103r\u0163i\u015forului<\/strong><\/span>, prin oferirea unor simboluri ale prim\u0103verii, doamnelor \u015fi domni\u015foarelor.<\/p>\n<p>Ziua de 1 Martie este cea care preveste\u015fte sosirea prim\u0103verii, astfel \u00eenc\u00e2t primarul ora\u015fului a avut ocazia de a oferi tuturor doamnelor \u015fi domni\u015foarelor pe care le-a \u00eent\u00e2lnit o mie dou\u0103 sute de lalele.<\/p>\n<p>Acest gest a fost primit cu mare bucurie de c\u0103tre cele c\u0103rora le-au fost oferite flori, consider\u00e2nd c\u0103 este o dovad\u0103 de respect \u015fi de normalitate.<\/p>\n<p>De asemenea, au fost oferite flori \u015fi angajatelor Prim\u0103riei Ora\u015fului Rovinari, precum \u015fi celor de la societatea SC Ap\u0103 Canal Salubritate SRL.<\/p>\n<p>[Not a valid template]<\/p>\n<p style=\"text-align: center;\">\n","protected":false},"excerpt":{"rendered":"<p>Conform tradi\u0163iei, de 1 Martie, primarul Ora\u015fului Rovinari, Vodislav Claudiu \u2013 Dorinel, a oferit flori doamnelor \u015fi domni\u015foarelor din Ora\u015ful Rovinari. S\u0103rb\u0103toarea M\u0103r\u0163i\u015forului este o ocazie de celebrare a femeilor. A devenit deja o tradi\u0163ie ca primarul ora\u015fului s\u0103 marcheze Ziua M\u0103r\u0163i\u015forului, prin oferirea unor simboluri ale prim\u0103verii, doamnelor \u015fi domni\u015foarelor. Ziua de 1 Martie [&hellip;]<\/p>\n","protected":false},"author":1001022,"featured_media":0,"comment_status":"open","ping_status":"open","sticky":false,"template":"","format":"standard","meta":{"ngg_post_thumbnail":0,"footnotes":""},"categories":[4],"tags":[],"class_list":["post-9251","post","type-post","status-publish","format-standard","hentry","category-informatii-locale"],"_links":{"self":[{"href":"https:\/\/primariarovinari.ro\/old\/wp-json\/wp\/v2\/posts\/9251","targetHints":{"allow":["GET"]}}],"collection":[{"href":"https:\/\/primariarovinari.ro\/old\/wp-json\/wp\/v2\/posts"}],"about":[{"href":"https:\/\/primariarovinari.ro\/old\/wp-json\/wp\/v2\/types\/post"}],"author":[{"embeddable":true,"href":"https:\/\/primariarovinari.ro\/old\/wp-json\/wp\/v2\/users\/1001022"}],"replies":[{"embeddable":true,"href":"https:\/\/primariarovinari.ro\/old\/wp-json\/wp\/v2\/comments?post=9251"}],"version-history":[{"count":0,"href":"https:\/\/primariarovinari.ro\/old\/wp-json\/wp\/v2\/posts\/9251\/revisions"}],"wp:attachment":[{"href":"https:\/\/primariarovinari.ro\/old\/wp-json\/wp\/v2\/media?parent=9251"}],"wp:term":[{"taxonomy":"category","embeddable":true,"href":"https:\/\/primariarovinari.ro\/old\/wp-json\/wp\/v2\/categories?post=9251"},{"taxonomy":"post_tag","embeddable":true,"href":"https:\/\/primariarovinari.ro\/old\/wp-json\/wp\/v2\/tags?post=9251"}],"curies":[{"name":"wp","href":"https:\/\/api.w.org\/{rel}","templated":true}]}}