{"id":9021,"date":"2015-12-04T11:50:15","date_gmt":"2015-12-04T09:50:15","guid":{"rendered":"http:\/\/www.primariarovinari.ro\/?p=9021"},"modified":"2015-12-04T11:50:15","modified_gmt":"2015-12-04T09:50:15","slug":"aprinderea-luminilor-si-a-pomului-de-craciun","status":"publish","type":"post","link":"https:\/\/primariarovinari.ro\/old\/2015\/12\/aprinderea-luminilor-si-a-pomului-de-craciun\/","title":{"rendered":"Aprinderea luminilor \u015fi a pomului de Cr\u0103ciun"},"content":{"rendered":"<p><a href=\"http:\/\/www.primariarovinari.ro\/wp-content\/uploads\/2015\/12\/brazi-de-caraciun.jpg\"><img loading=\"lazy\" decoding=\"async\" class=\"size-medium wp-image-9030 aligncenter\" src=\"http:\/\/www.primariarovinari.ro\/wp-content\/uploads\/2015\/12\/brazi-de-caraciun-300x120.jpg\" alt=\"brazi de caraciun\" width=\"300\" height=\"120\" srcset=\"https:\/\/primariarovinari.ro\/old\/wp-content\/uploads\/2015\/12\/brazi-de-caraciun-300x120.jpg 300w, https:\/\/primariarovinari.ro\/old\/wp-content\/uploads\/2015\/12\/brazi-de-caraciun.jpg 749w\" sizes=\"auto, (max-width: 300px) 100vw, 300px\" \/><\/a><\/p>\n<p style=\"text-align: justify;\"><span style=\"color: #32d142;\">S\u00e2mb\u0103t\u0103<\/span>, <span style=\"color: #3366ff;\">05.12.2015<\/span>, <span style=\"color: #ff9900;\">\u00eencep\u00e2nd cu ora<\/span><span style=\"color: #3366ff;\"> 17:30<\/span>,<span style=\"color: #ff00ff;\"> pe Bulevardul Minerilor<\/span> <span style=\"color: #99cc00;\">(Platoul Casei de Cultur\u0103)<\/span> <span style=\"color: #0000ff;\">va avea loc evenimentul intitulat<\/span> \u201c<strong><span style=\"color: #339966;\">Aprinderea<\/span> <span style=\"color: #ff0000;\">luminilor <\/span><span style=\"color: #0000ff;\">\u015fi<\/span> <span style=\"color: #ff00ff;\">a<\/span> <span style=\"color: #00ff00;\">pomului <span style=\"color: #cc99ff;\">de<\/span><\/span> <span style=\"color: #ff6600;\">Cr\u0103ciun<\/span><\/strong>\u201d.<\/p>\n<p style=\"text-align: justify;\"><span style=\"color: #bab23f;\">Vor c\u00e2nta<\/span> <span style=\"color: #ff6600;\">colinde copii<\/span> <span style=\"color: #0000ff;\">de la \u015ecoala Popular\u0103 de Art\u0103<\/span> \u2013 <span style=\"color: #ff0000;\">Sec\u0163ia Rovinari<\/span>,<span style=\"color: #00ff00;\"> de la Clubul Copiilor Rovinari<\/span>, <span style=\"color: #0000ff;\">precum \u015fi de la \u015ecoala General\u0103 Nr.1<\/span><span style=\"color: #ff0000;\"> \u015fi<\/span> <span style=\"color: #ff00ff;\">\u015ecoala General\u0103 Nr.3.<\/span><\/p>\n<p style=\"text-align: justify;\"><span style=\"color: #b32ba5;\">V\u0103 a\u015ftept\u0103m<\/span> <span style=\"color: #339966;\"><span style=\"color: #0000ff;\">\u00een num\u0103r <\/span>c\u00e2t mai mare!<\/span><\/p>\n","protected":false},"excerpt":{"rendered":"<p>S\u00e2mb\u0103t\u0103, 05.12.2015, \u00eencep\u00e2nd cu ora 17:30, pe Bulevardul Minerilor (Platoul Casei de Cultur\u0103) va avea loc evenimentul intitulat \u201cAprinderea luminilor \u015fi a pomului de Cr\u0103ciun\u201d. Vor c\u00e2nta colinde copii de la \u015ecoala Popular\u0103 de Art\u0103 \u2013 Sec\u0163ia Rovinari, de la Clubul Copiilor Rovinari, precum \u015fi de la \u015ecoala General\u0103 Nr.1 \u015fi \u015ecoala General\u0103 Nr.3. V\u0103 [&hellip;]<\/p>\n","protected":false},"author":1001022,"featured_media":0,"comment_status":"open","ping_status":"open","sticky":false,"template":"","format":"standard","meta":{"ngg_post_thumbnail":0,"footnotes":""},"categories":[9],"tags":[],"class_list":["post-9021","post","type-post","status-publish","format-standard","hentry","category-anunturi"],"_links":{"self":[{"href":"https:\/\/primariarovinari.ro\/old\/wp-json\/wp\/v2\/posts\/9021","targetHints":{"allow":["GET"]}}],"collection":[{"href":"https:\/\/primariarovinari.ro\/old\/wp-json\/wp\/v2\/posts"}],"about":[{"href":"https:\/\/primariarovinari.ro\/old\/wp-json\/wp\/v2\/types\/post"}],"author":[{"embeddable":true,"href":"https:\/\/primariarovinari.ro\/old\/wp-json\/wp\/v2\/users\/1001022"}],"replies":[{"embeddable":true,"href":"https:\/\/primariarovinari.ro\/old\/wp-json\/wp\/v2\/comments?post=9021"}],"version-history":[{"count":0,"href":"https:\/\/primariarovinari.ro\/old\/wp-json\/wp\/v2\/posts\/9021\/revisions"}],"wp:attachment":[{"href":"https:\/\/primariarovinari.ro\/old\/wp-json\/wp\/v2\/media?parent=9021"}],"wp:term":[{"taxonomy":"category","embeddable":true,"href":"https:\/\/primariarovinari.ro\/old\/wp-json\/wp\/v2\/categories?post=9021"},{"taxonomy":"post_tag","embeddable":true,"href":"https:\/\/primariarovinari.ro\/old\/wp-json\/wp\/v2\/tags?post=9021"}],"curies":[{"name":"wp","href":"https:\/\/api.w.org\/{rel}","templated":true}]}}