{"id":8950,"date":"2015-11-09T09:50:21","date_gmt":"2015-11-09T07:50:21","guid":{"rendered":"http:\/\/www.primariarovinari.ro\/?p=8950"},"modified":"2015-11-09T09:50:40","modified_gmt":"2015-11-09T07:50:40","slug":"consiliul-local-acorda-pachete-cu-alimente-cu-ocazia-sarbatorilor-de-iarna-2","status":"publish","type":"post","link":"https:\/\/primariarovinari.ro\/old\/2015\/11\/consiliul-local-acorda-pachete-cu-alimente-cu-ocazia-sarbatorilor-de-iarna-2\/","title":{"rendered":"Consiliul local acord\u0103 pachete cu alimente cu ocazia s\u0103rb\u0103torilor de iarn\u0103"},"content":{"rendered":"<p><a href=\"http:\/\/www.primariarovinari.ro\/wp-content\/uploads\/2015\/11\/1584_001.jpg\"><img loading=\"lazy\" decoding=\"async\" class=\"alignnone wp-image-8951\" src=\"http:\/\/www.primariarovinari.ro\/wp-content\/uploads\/2015\/11\/1584_001-724x1024.jpg\" alt=\"1584_001\" width=\"200\" height=\"283\" srcset=\"https:\/\/primariarovinari.ro\/old\/wp-content\/uploads\/2015\/11\/1584_001-724x1024.jpg 724w, https:\/\/primariarovinari.ro\/old\/wp-content\/uploads\/2015\/11\/1584_001-212x300.jpg 212w\" sizes=\"auto, (max-width: 200px) 100vw, 200px\" \/><\/a> <a href=\"http:\/\/www.primariarovinari.ro\/wp-content\/uploads\/2015\/11\/1584_002.jpg\"><img loading=\"lazy\" decoding=\"async\" class=\"alignnone wp-image-8952\" src=\"http:\/\/www.primariarovinari.ro\/wp-content\/uploads\/2015\/11\/1584_002-724x1024.jpg\" alt=\"1584_002\" width=\"199\" height=\"282\" srcset=\"https:\/\/primariarovinari.ro\/old\/wp-content\/uploads\/2015\/11\/1584_002-724x1024.jpg 724w, https:\/\/primariarovinari.ro\/old\/wp-content\/uploads\/2015\/11\/1584_002-212x300.jpg 212w\" sizes=\"auto, (max-width: 199px) 100vw, 199px\" \/><\/a><\/p>\n<p style=\"text-align: justify;\">Cu ocazia s\u0103rb\u0103torilor de iarn\u0103,\u00a0<a href=\"http:\/\/www.primariarovinari.ro\/consiliul-local\/\">Consiliul Local<\/a> Rovinari acord\u0103 pachete cu produse alimentare persoanelor singure \u015fi familiilor domiciliate \u00een Rovinari.<\/p>\n<p style=\"text-align: justify;\">\u00censcrierile se efectueaz\u0103 la Cantina Social\u0103 de pe Str. Muncii, \u00eencep\u00e2nd cu data de 11.11.2015. Beneficiarii vor primi un bon de ordine pe care \u00eel vor prezenta la ridicarea pachetelor \u00een data men\u0163ionat\u0103 pe acesta.<\/p>\n<p style=\"text-align: justify;\">Pentru acordarea pachetelor, solicitan\u0163ii vor completa formularul de cerere \u015fi declara\u0163ie pe propria r\u0103spundere pentru acordarea unor beneficii de asisten\u0163\u0103 social\u0103 \u015fi vor depune actele doveditoare.<\/p>\n<p style=\"text-align: justify;\">PROGRAM \u00ceNSCRIERI LUNI \u2013 VINERI<\/p>\n<p style=\"text-align: justify;\">10.00 \u2013 15.00<\/p>\n","protected":false},"excerpt":{"rendered":"<p>Cu ocazia s\u0103rb\u0103torilor de iarn\u0103,\u00a0Consiliul Local Rovinari acord\u0103 pachete cu produse alimentare persoanelor singure \u015fi familiilor domiciliate \u00een Rovinari. \u00censcrierile se efectueaz\u0103 la Cantina Social\u0103 de pe Str. Muncii, \u00eencep\u00e2nd cu data de 11.11.2015. Beneficiarii vor primi un bon de ordine pe care \u00eel vor prezenta la ridicarea pachetelor \u00een data men\u0163ionat\u0103 pe acesta. Pentru [&hellip;]<\/p>\n","protected":false},"author":1001022,"featured_media":0,"comment_status":"open","ping_status":"open","sticky":false,"template":"","format":"standard","meta":{"ngg_post_thumbnail":0,"footnotes":""},"categories":[1],"tags":[],"class_list":["post-8950","post","type-post","status-publish","format-standard","hentry","category-altele"],"_links":{"self":[{"href":"https:\/\/primariarovinari.ro\/old\/wp-json\/wp\/v2\/posts\/8950","targetHints":{"allow":["GET"]}}],"collection":[{"href":"https:\/\/primariarovinari.ro\/old\/wp-json\/wp\/v2\/posts"}],"about":[{"href":"https:\/\/primariarovinari.ro\/old\/wp-json\/wp\/v2\/types\/post"}],"author":[{"embeddable":true,"href":"https:\/\/primariarovinari.ro\/old\/wp-json\/wp\/v2\/users\/1001022"}],"replies":[{"embeddable":true,"href":"https:\/\/primariarovinari.ro\/old\/wp-json\/wp\/v2\/comments?post=8950"}],"version-history":[{"count":0,"href":"https:\/\/primariarovinari.ro\/old\/wp-json\/wp\/v2\/posts\/8950\/revisions"}],"wp:attachment":[{"href":"https:\/\/primariarovinari.ro\/old\/wp-json\/wp\/v2\/media?parent=8950"}],"wp:term":[{"taxonomy":"category","embeddable":true,"href":"https:\/\/primariarovinari.ro\/old\/wp-json\/wp\/v2\/categories?post=8950"},{"taxonomy":"post_tag","embeddable":true,"href":"https:\/\/primariarovinari.ro\/old\/wp-json\/wp\/v2\/tags?post=8950"}],"curies":[{"name":"wp","href":"https:\/\/api.w.org\/{rel}","templated":true}]}}