{"id":8628,"date":"2015-08-10T08:39:51","date_gmt":"2015-08-10T06:39:51","guid":{"rendered":"http:\/\/www.primariarovinari.ro\/?p=8628"},"modified":"2015-08-10T20:25:48","modified_gmt":"2015-08-10T18:25:48","slug":"pentru-cel-care-a-plecat-mult-prea-repede-dintre-noi","status":"publish","type":"post","link":"https:\/\/primariarovinari.ro\/old\/2015\/08\/pentru-cel-care-a-plecat-mult-prea-repede-dintre-noi\/","title":{"rendered":"Pentru cel care a plecat mult prea repede dintre noi."},"content":{"rendered":"<p style=\"line-height: 18pt;\"><span style=\"font-family: 'Georgia','serif'; color: #333333;\"><a href=\"http:\/\/www.primariarovinari.ro\/wp-content\/uploads\/2015\/08\/11865417_994545813923409_414193116_o.jpg\"><img loading=\"lazy\" decoding=\"async\" class=\"alignright size-medium wp-image-8629\" src=\"http:\/\/www.primariarovinari.ro\/wp-content\/uploads\/2015\/08\/11865417_994545813923409_414193116_o-300x201.jpg\" alt=\"11865417_994545813923409_414193116_o\" width=\"300\" height=\"201\" srcset=\"https:\/\/primariarovinari.ro\/old\/wp-content\/uploads\/2015\/08\/11865417_994545813923409_414193116_o-300x201.jpg 300w, https:\/\/primariarovinari.ro\/old\/wp-content\/uploads\/2015\/08\/11865417_994545813923409_414193116_o-1024x685.jpg 1024w, https:\/\/primariarovinari.ro\/old\/wp-content\/uploads\/2015\/08\/11865417_994545813923409_414193116_o.jpg 1146w\" sizes=\"auto, (max-width: 300px) 100vw, 300px\" \/><\/a><strong>Angaja\u0163ii Prim\u0103riei Rovinari, Consiliul Local Rovinari, Casa de Cultur\u0103, Biblioteca Rovinari \u015fi Societatea Apa Canal Salubritate se roag\u0103 pentru familia Domnului Primar Dorin Filip ca Bunul Dumnezeu s\u0103 le m\u00e2ng\u00e2ie sufletele dup\u0103 tragica desp\u0103r\u0163ire.V\u0103 \u00eemp\u0103rt\u0103\u015fim durerea \u015fi sincerele noastre condolean\u0163e\u00a0s\u0103 v\u0103 aline marea pierderea \u015fi s\u0103 v\u0103 \u00eencurajeze .<\/strong><\/span><\/p>\n<p style=\"line-height: 18pt; widows: 1; word-spacing: 0px;\"><strong><span style=\"font-family: 'Georgia','serif'; color: #333333;\">Ii vom p\u0103stra amintirea \u00een locurile curate ale con\u015ftin\u0163ei noastre.<\/span><\/strong><\/p>\n<p style=\"line-height: 18pt; widows: 1; word-spacing: 0px;\"><strong><span style=\"font-family: 'Georgia','serif'; color: #333333;\">Dumnezeu s\u0103-l aseze \u00een loc luminat.<\/span><\/strong><\/p>\n","protected":false},"excerpt":{"rendered":"<p>Angaja\u0163ii Prim\u0103riei Rovinari, Consiliul Local Rovinari, Casa de Cultur\u0103, Biblioteca Rovinari \u015fi Societatea Apa Canal Salubritate se roag\u0103 pentru familia Domnului Primar Dorin Filip ca Bunul Dumnezeu s\u0103 le m\u00e2ng\u00e2ie sufletele dup\u0103 tragica desp\u0103r\u0163ire.V\u0103 \u00eemp\u0103rt\u0103\u015fim durerea \u015fi sincerele noastre condolean\u0163e\u00a0s\u0103 v\u0103 aline marea pierderea \u015fi s\u0103 v\u0103 \u00eencurajeze . Ii vom p\u0103stra amintirea \u00een locurile [&hellip;]<\/p>\n","protected":false},"author":1001022,"featured_media":0,"comment_status":"open","ping_status":"open","sticky":false,"template":"","format":"standard","meta":{"ngg_post_thumbnail":0,"footnotes":""},"categories":[1],"tags":[],"class_list":["post-8628","post","type-post","status-publish","format-standard","hentry","category-altele"],"_links":{"self":[{"href":"https:\/\/primariarovinari.ro\/old\/wp-json\/wp\/v2\/posts\/8628","targetHints":{"allow":["GET"]}}],"collection":[{"href":"https:\/\/primariarovinari.ro\/old\/wp-json\/wp\/v2\/posts"}],"about":[{"href":"https:\/\/primariarovinari.ro\/old\/wp-json\/wp\/v2\/types\/post"}],"author":[{"embeddable":true,"href":"https:\/\/primariarovinari.ro\/old\/wp-json\/wp\/v2\/users\/1001022"}],"replies":[{"embeddable":true,"href":"https:\/\/primariarovinari.ro\/old\/wp-json\/wp\/v2\/comments?post=8628"}],"version-history":[{"count":0,"href":"https:\/\/primariarovinari.ro\/old\/wp-json\/wp\/v2\/posts\/8628\/revisions"}],"wp:attachment":[{"href":"https:\/\/primariarovinari.ro\/old\/wp-json\/wp\/v2\/media?parent=8628"}],"wp:term":[{"taxonomy":"category","embeddable":true,"href":"https:\/\/primariarovinari.ro\/old\/wp-json\/wp\/v2\/categories?post=8628"},{"taxonomy":"post_tag","embeddable":true,"href":"https:\/\/primariarovinari.ro\/old\/wp-json\/wp\/v2\/tags?post=8628"}],"curies":[{"name":"wp","href":"https:\/\/api.w.org\/{rel}","templated":true}]}}