{"id":8626,"date":"2015-08-09T20:00:33","date_gmt":"2015-08-09T18:00:33","guid":{"rendered":"http:\/\/www.primariarovinari.ro\/?p=8626"},"modified":"2015-08-10T20:24:42","modified_gmt":"2015-08-10T18:24:42","slug":"zile-de-doliu-pentru-orasul-rovinari","status":"publish","type":"post","link":"https:\/\/primariarovinari.ro\/old\/2015\/08\/zile-de-doliu-pentru-orasul-rovinari\/","title":{"rendered":"Zile de doliu pentru Ora\u015ful Rovinari"},"content":{"rendered":"<p style=\"text-align: justify;\">\u00cen \u015fedin\u0163a extraordinar\u0103 a Consiliu Local ce a avut loc \u00een aceast\u0103 diminea\u0163\u0103 la Rovinari, Consilierii Locali au decis ca ast\u0103zi, m\u00e2ine \u015fi mar\u0163i s\u0103 fie zile de doliu pentru ora\u015ful Rovinari. De asemenea, o strad\u0103 din ora\u015f \u00eei va purta numele Domnului Primar. Tot \u00een \u015fedin\u0163a de ast\u0103zi, s-a aprobat anularea Festivalului Berii care urma s\u0103 \u00eenceap\u0103 m\u00e2ine la Rovinari. Ast\u0103zi, trupul ne\u00eensufle\u021bit a fost depus la Catedrala din Rovinari pentru ca cet\u0103\u021benii ora\u0219ului s\u0103 \u00ee\u0219i poat\u0103 lua adio. Mar\u021bi, la cimitirul din D\u0103ne\u0219ti, satul Botorogi va avea loc \u00eenmorm\u00e2ntarea.<\/p>\n<p>&nbsp;<\/p>\n","protected":false},"excerpt":{"rendered":"<p>\u00cen \u015fedin\u0163a extraordinar\u0103 a Consiliu Local ce a avut loc \u00een aceast\u0103 diminea\u0163\u0103 la Rovinari, Consilierii Locali au decis ca ast\u0103zi, m\u00e2ine \u015fi mar\u0163i s\u0103 fie zile de doliu pentru ora\u015ful Rovinari. De asemenea, o strad\u0103 din ora\u015f \u00eei va purta numele Domnului Primar. Tot \u00een \u015fedin\u0163a de ast\u0103zi, s-a aprobat anularea Festivalului Berii care [&hellip;]<\/p>\n","protected":false},"author":1001022,"featured_media":0,"comment_status":"open","ping_status":"open","sticky":false,"template":"","format":"standard","meta":{"ngg_post_thumbnail":0,"footnotes":""},"categories":[9],"tags":[],"class_list":["post-8626","post","type-post","status-publish","format-standard","hentry","category-anunturi"],"_links":{"self":[{"href":"https:\/\/primariarovinari.ro\/old\/wp-json\/wp\/v2\/posts\/8626","targetHints":{"allow":["GET"]}}],"collection":[{"href":"https:\/\/primariarovinari.ro\/old\/wp-json\/wp\/v2\/posts"}],"about":[{"href":"https:\/\/primariarovinari.ro\/old\/wp-json\/wp\/v2\/types\/post"}],"author":[{"embeddable":true,"href":"https:\/\/primariarovinari.ro\/old\/wp-json\/wp\/v2\/users\/1001022"}],"replies":[{"embeddable":true,"href":"https:\/\/primariarovinari.ro\/old\/wp-json\/wp\/v2\/comments?post=8626"}],"version-history":[{"count":0,"href":"https:\/\/primariarovinari.ro\/old\/wp-json\/wp\/v2\/posts\/8626\/revisions"}],"wp:attachment":[{"href":"https:\/\/primariarovinari.ro\/old\/wp-json\/wp\/v2\/media?parent=8626"}],"wp:term":[{"taxonomy":"category","embeddable":true,"href":"https:\/\/primariarovinari.ro\/old\/wp-json\/wp\/v2\/categories?post=8626"},{"taxonomy":"post_tag","embeddable":true,"href":"https:\/\/primariarovinari.ro\/old\/wp-json\/wp\/v2\/tags?post=8626"}],"curies":[{"name":"wp","href":"https:\/\/api.w.org\/{rel}","templated":true}]}}