{"id":8622,"date":"2015-08-08T18:08:59","date_gmt":"2015-08-08T16:08:59","guid":{"rendered":"http:\/\/www.primariarovinari.ro\/?p=8622"},"modified":"2015-08-09T01:19:28","modified_gmt":"2015-08-08T23:19:28","slug":"8622","status":"publish","type":"post","link":"https:\/\/primariarovinari.ro\/old\/2015\/08\/8622\/","title":{"rendered":""},"content":{"rendered":"<p style=\"text-align: justify;\"><a href=\"http:\/\/www.primariarovinari.ro\/wp-content\/uploads\/2015\/08\/candle.jpg\"><img loading=\"lazy\" decoding=\"async\" class=\"alignright size-medium wp-image-8623\" src=\"http:\/\/www.primariarovinari.ro\/wp-content\/uploads\/2015\/08\/candle-300x174.jpg\" alt=\"candle\" width=\"300\" height=\"174\" srcset=\"https:\/\/primariarovinari.ro\/old\/wp-content\/uploads\/2015\/08\/candle-300x174.jpg 300w, https:\/\/primariarovinari.ro\/old\/wp-content\/uploads\/2015\/08\/candle.jpg 630w\" sizes=\"auto, (max-width: 300px) 100vw, 300px\" \/><\/a>Ne sunt sufletele \u00eempietrite de durere la aflarea ve\u015ftii dispari\u0163iei premature \u015fi nedrepte a celui care ne-a fost mentor \u015fi conduc\u0103tor, Dorin Filip.<\/p>\n<p style=\"text-align: justify;\">Va r\u0103m\u00e2ne ve\u015fnic \u00a0\u00een amintirea noastr\u0103! Suntem al\u0103turi de familia \u00eendoliat\u0103.<\/p>\n<p style=\"text-align: justify;\">Tot respectul, admira\u0163ia \u015fi sincere condolean\u0163e!<\/p>\n","protected":false},"excerpt":{"rendered":"<p>Ne sunt sufletele \u00eempietrite de durere la aflarea ve\u015ftii dispari\u0163iei premature \u015fi nedrepte a celui care ne-a fost mentor \u015fi conduc\u0103tor, Dorin Filip. Va r\u0103m\u00e2ne ve\u015fnic \u00a0\u00een amintirea noastr\u0103! Suntem al\u0103turi de familia \u00eendoliat\u0103. Tot respectul, admira\u0163ia \u015fi sincere condolean\u0163e!<\/p>\n","protected":false},"author":1001022,"featured_media":0,"comment_status":"open","ping_status":"open","sticky":false,"template":"","format":"standard","meta":{"ngg_post_thumbnail":0,"footnotes":""},"categories":[1],"tags":[],"class_list":["post-8622","post","type-post","status-publish","format-standard","hentry","category-altele"],"_links":{"self":[{"href":"https:\/\/primariarovinari.ro\/old\/wp-json\/wp\/v2\/posts\/8622","targetHints":{"allow":["GET"]}}],"collection":[{"href":"https:\/\/primariarovinari.ro\/old\/wp-json\/wp\/v2\/posts"}],"about":[{"href":"https:\/\/primariarovinari.ro\/old\/wp-json\/wp\/v2\/types\/post"}],"author":[{"embeddable":true,"href":"https:\/\/primariarovinari.ro\/old\/wp-json\/wp\/v2\/users\/1001022"}],"replies":[{"embeddable":true,"href":"https:\/\/primariarovinari.ro\/old\/wp-json\/wp\/v2\/comments?post=8622"}],"version-history":[{"count":0,"href":"https:\/\/primariarovinari.ro\/old\/wp-json\/wp\/v2\/posts\/8622\/revisions"}],"wp:attachment":[{"href":"https:\/\/primariarovinari.ro\/old\/wp-json\/wp\/v2\/media?parent=8622"}],"wp:term":[{"taxonomy":"category","embeddable":true,"href":"https:\/\/primariarovinari.ro\/old\/wp-json\/wp\/v2\/categories?post=8622"},{"taxonomy":"post_tag","embeddable":true,"href":"https:\/\/primariarovinari.ro\/old\/wp-json\/wp\/v2\/tags?post=8622"}],"curies":[{"name":"wp","href":"https:\/\/api.w.org\/{rel}","templated":true}]}}