{"id":8612,"date":"2015-08-03T14:35:02","date_gmt":"2015-08-03T12:35:02","guid":{"rendered":"http:\/\/www.primariarovinari.ro\/?p=8612"},"modified":"2015-08-05T08:01:12","modified_gmt":"2015-08-05T06:01:12","slug":"festivalul-berii-editia-a-x-a","status":"publish","type":"post","link":"https:\/\/primariarovinari.ro\/old\/2015\/08\/festivalul-berii-editia-a-x-a\/","title":{"rendered":"Festivalul Berii Editia a X a"},"content":{"rendered":"<p style=\"text-align: justify;\"><a href=\"http:\/\/www.primariarovinari.ro\/wp-content\/uploads\/2015\/08\/rovinari-2015.jpg\"><img loading=\"lazy\" decoding=\"async\" class=\"alignright size-medium wp-image-8618\" src=\"http:\/\/www.primariarovinari.ro\/wp-content\/uploads\/2015\/08\/rovinari-2015-212x300.jpg\" alt=\"rovinari 2015\" width=\"212\" height=\"300\" srcset=\"https:\/\/primariarovinari.ro\/old\/wp-content\/uploads\/2015\/08\/rovinari-2015-212x300.jpg 212w, https:\/\/primariarovinari.ro\/old\/wp-content\/uploads\/2015\/08\/rovinari-2015-724x1024.jpg 724w\" sizes=\"auto, (max-width: 212px) 100vw, 212px\" \/><\/a>Festivalul Berii Editia a X a, va incepe in data de 10.08.2015. La fel ca in fiecare an, vom avea invitati de seama: Ionut Tudorescu si Cabron va asteapta Sambata,15.08.2015 incepand cu ora 20:00, Duminica 16.08.2015 de la ora 19:30 vor canta pentru dumneavoastra Olguta Berbec, Eugenia Filip, Ileana Ciuculete si Ionut Cercel. De asemenea vom avea\u00a0 spectacole folclorice sustinute de Clubul Elevilor Rovinari si Scoala Populara de Arte Rovinari.<\/p>\n<p style=\"text-align: justify;\">Va asteptam pe Bulevardul Minerilor.<\/p>\n<p style=\"text-align: justify;\">Organizatori: Consiliul Local Rovinari, Prim\u0103ria Rovinari,Casa de Cultur\u0103 \u015fi Biblioteca Rovinari.<\/p>\n","protected":false},"excerpt":{"rendered":"<p>Festivalul Berii Editia a X a, va incepe in data de 10.08.2015. La fel ca in fiecare an, vom avea invitati de seama: Ionut Tudorescu si Cabron va asteapta Sambata,15.08.2015 incepand cu ora 20:00, Duminica 16.08.2015 de la ora 19:30 vor canta pentru dumneavoastra Olguta Berbec, Eugenia Filip, Ileana Ciuculete si Ionut Cercel. De asemenea [&hellip;]<\/p>\n","protected":false},"author":1001022,"featured_media":0,"comment_status":"open","ping_status":"open","sticky":false,"template":"","format":"standard","meta":{"ngg_post_thumbnail":0,"footnotes":""},"categories":[9],"tags":[606],"class_list":["post-8612","post","type-post","status-publish","format-standard","hentry","category-anunturi","tag-festivalul-berii-editia-a-x-a"],"_links":{"self":[{"href":"https:\/\/primariarovinari.ro\/old\/wp-json\/wp\/v2\/posts\/8612","targetHints":{"allow":["GET"]}}],"collection":[{"href":"https:\/\/primariarovinari.ro\/old\/wp-json\/wp\/v2\/posts"}],"about":[{"href":"https:\/\/primariarovinari.ro\/old\/wp-json\/wp\/v2\/types\/post"}],"author":[{"embeddable":true,"href":"https:\/\/primariarovinari.ro\/old\/wp-json\/wp\/v2\/users\/1001022"}],"replies":[{"embeddable":true,"href":"https:\/\/primariarovinari.ro\/old\/wp-json\/wp\/v2\/comments?post=8612"}],"version-history":[{"count":0,"href":"https:\/\/primariarovinari.ro\/old\/wp-json\/wp\/v2\/posts\/8612\/revisions"}],"wp:attachment":[{"href":"https:\/\/primariarovinari.ro\/old\/wp-json\/wp\/v2\/media?parent=8612"}],"wp:term":[{"taxonomy":"category","embeddable":true,"href":"https:\/\/primariarovinari.ro\/old\/wp-json\/wp\/v2\/categories?post=8612"},{"taxonomy":"post_tag","embeddable":true,"href":"https:\/\/primariarovinari.ro\/old\/wp-json\/wp\/v2\/tags?post=8612"}],"curies":[{"name":"wp","href":"https:\/\/api.w.org\/{rel}","templated":true}]}}