{"id":8505,"date":"2015-07-01T15:04:25","date_gmt":"2015-07-01T13:04:25","guid":{"rendered":"http:\/\/www.primariarovinari.ro\/?p=8505"},"modified":"2015-07-01T15:07:15","modified_gmt":"2015-07-01T13:07:15","slug":"greenpeace-lanseaza-proiectul-energie-verde-pentru-viitor-curat","status":"publish","type":"post","link":"https:\/\/primariarovinari.ro\/old\/2015\/07\/greenpeace-lanseaza-proiectul-energie-verde-pentru-viitor-curat\/","title":{"rendered":"Greenpeace lanseaz\u0103 proiectul &#8222;Energie verde pentru viitor curat&#8221;"},"content":{"rendered":"<p style=\"text-align: justify;\"><a href=\"http:\/\/www.primariarovinari.ro\/wp-content\/uploads\/2015\/07\/panouri-solare-scoala-gimnaziala-nr-1.jpg\"><img loading=\"lazy\" decoding=\"async\" class=\"alignright wp-image-8506 size-medium\" src=\"http:\/\/www.primariarovinari.ro\/wp-content\/uploads\/2015\/07\/panouri-solare-scoala-gimnaziala-nr-1-300x225.jpg\" alt=\"panouri solare scoala gimnaziala nr 1\" width=\"300\" height=\"225\" srcset=\"https:\/\/primariarovinari.ro\/old\/wp-content\/uploads\/2015\/07\/panouri-solare-scoala-gimnaziala-nr-1-300x225.jpg 300w, https:\/\/primariarovinari.ro\/old\/wp-content\/uploads\/2015\/07\/panouri-solare-scoala-gimnaziala-nr-1-1024x768.jpg 1024w, https:\/\/primariarovinari.ro\/old\/wp-content\/uploads\/2015\/07\/panouri-solare-scoala-gimnaziala-nr-1.jpg 1100w\" sizes=\"auto, (max-width: 300px) 100vw, 300px\" \/><\/a><\/p>\n<p style=\"text-align: justify;\">Ast\u0103zi 1 Iulie 2015, la \u015ecoala General\u0103 Nr.1 din\u00a0ora\u015ful Rovinari a fost inaugurat\u00a0proiectul &#8222;Energie verde pentru viitor curat&#8221;. \u00a0Astfel s-au montat pe acoperi\u015ful \u015fcolii 40 de panouri solare, \u00eensum\u00e2nd o putere instalat\u0103 de aproximativ 10 KW. Acestea vor asigura circa 25% din necesarul de energie electric\u0103 al \u015fcolii. Instala\u0163ia fotovoltaic\u0103\u00a0a \u00a0fost proiectat\u0103 s\u0103 furnizeze energie electric\u0103 \u00een sistemul na\u0163ional \u00een perioadele \u00een care consumul \u015fcolii este mai mic dec\u00e2t puterea generat\u0103 de\u00a0aceasta.<\/p>\n<p style=\"text-align: justify;\">Realizarea acestui proiect\u00a0a fost posibil\u0103 datorit\u0103 \u00a0bunei colabor\u0103ri dintre <span style=\"color: #00ff00;\">Greeenpeace<\/span> Rom\u00e2nia \u015fi autorit\u0103\u0163ilor locale. Mul\u0163umim D-lui Ionu\u0163 Cepraga, coordonatorul proiectului, \u00eentregii echipe\u00a0Greenpeace, Directorul \u015fcolii gimnaziale nr. 1, Dl Prunescu Romeo, autorit\u0103\u0163ilor locale \u015fi tuturor ce au participat la acest proiect.<\/p>\n<p style=\"text-align: justify;\">\n","protected":false},"excerpt":{"rendered":"<p>Ast\u0103zi 1 Iulie 2015, la \u015ecoala General\u0103 Nr.1 din\u00a0ora\u015ful Rovinari a fost inaugurat\u00a0proiectul &#8222;Energie verde pentru viitor curat&#8221;. \u00a0Astfel s-au montat pe acoperi\u015ful \u015fcolii 40 de panouri solare, \u00eensum\u00e2nd o putere instalat\u0103 de aproximativ 10 KW. Acestea vor asigura circa 25% din necesarul de energie electric\u0103 al \u015fcolii. Instala\u0163ia fotovoltaic\u0103\u00a0a \u00a0fost proiectat\u0103 s\u0103 furnizeze energie [&hellip;]<\/p>\n","protected":false},"author":1001022,"featured_media":0,"comment_status":"open","ping_status":"open","sticky":false,"template":"","format":"standard","meta":{"ngg_post_thumbnail":0,"footnotes":""},"categories":[4],"tags":[],"class_list":["post-8505","post","type-post","status-publish","format-standard","hentry","category-informatii-locale"],"_links":{"self":[{"href":"https:\/\/primariarovinari.ro\/old\/wp-json\/wp\/v2\/posts\/8505","targetHints":{"allow":["GET"]}}],"collection":[{"href":"https:\/\/primariarovinari.ro\/old\/wp-json\/wp\/v2\/posts"}],"about":[{"href":"https:\/\/primariarovinari.ro\/old\/wp-json\/wp\/v2\/types\/post"}],"author":[{"embeddable":true,"href":"https:\/\/primariarovinari.ro\/old\/wp-json\/wp\/v2\/users\/1001022"}],"replies":[{"embeddable":true,"href":"https:\/\/primariarovinari.ro\/old\/wp-json\/wp\/v2\/comments?post=8505"}],"version-history":[{"count":0,"href":"https:\/\/primariarovinari.ro\/old\/wp-json\/wp\/v2\/posts\/8505\/revisions"}],"wp:attachment":[{"href":"https:\/\/primariarovinari.ro\/old\/wp-json\/wp\/v2\/media?parent=8505"}],"wp:term":[{"taxonomy":"category","embeddable":true,"href":"https:\/\/primariarovinari.ro\/old\/wp-json\/wp\/v2\/categories?post=8505"},{"taxonomy":"post_tag","embeddable":true,"href":"https:\/\/primariarovinari.ro\/old\/wp-json\/wp\/v2\/tags?post=8505"}],"curies":[{"name":"wp","href":"https:\/\/api.w.org\/{rel}","templated":true}]}}