{"id":8328,"date":"2015-06-10T07:36:25","date_gmt":"2015-06-10T05:36:25","guid":{"rendered":"http:\/\/www.primariarovinari.ro\/?p=8328"},"modified":"2015-06-25T08:57:41","modified_gmt":"2015-06-25T06:57:41","slug":"festivalul-judetean-de-folclor-mugurasi-de-primavara","status":"publish","type":"post","link":"https:\/\/primariarovinari.ro\/old\/2015\/06\/festivalul-judetean-de-folclor-mugurasi-de-primavara\/","title":{"rendered":"Festivalul Jude\u0163ean de Folclor Mugura\u015fi de Prim\u0103var\u0103\u201d"},"content":{"rendered":"<p style=\"text-align: justify;\"><a href=\"http:\/\/www.primariarovinari.ro\/wp-content\/uploads\/2015\/06\/1980087_1001469726531930_6016412678451953385_o.jpg\"><img loading=\"lazy\" decoding=\"async\" class=\"alignright size-medium wp-image-8329\" src=\"http:\/\/www.primariarovinari.ro\/wp-content\/uploads\/2015\/06\/1980087_1001469726531930_6016412678451953385_o-212x300.jpg\" alt=\"1980087_1001469726531930_6016412678451953385_o\" width=\"212\" height=\"300\" srcset=\"https:\/\/primariarovinari.ro\/old\/wp-content\/uploads\/2015\/06\/1980087_1001469726531930_6016412678451953385_o-212x300.jpg 212w, https:\/\/primariarovinari.ro\/old\/wp-content\/uploads\/2015\/06\/1980087_1001469726531930_6016412678451953385_o-724x1024.jpg 724w, https:\/\/primariarovinari.ro\/old\/wp-content\/uploads\/2015\/06\/1980087_1001469726531930_6016412678451953385_o-300x424.jpg 300w, https:\/\/primariarovinari.ro\/old\/wp-content\/uploads\/2015\/06\/1980087_1001469726531930_6016412678451953385_o.jpg 1448w\" sizes=\"auto, (max-width: 212px) 100vw, 212px\" \/><\/a>Festivalul Jude\u0163ean de Folclor &#8222;Mugura\u015fi de Prim\u0103var\u0103\u201d va avea loc la Casa de Cultur\u0103 a Sindicatelor din Ora\u015ful Rovinari, Vineri 12.06.2015 \u00eencep\u00e2nd cu orele 10.00;<br \/>\nVor participa \u00een cadrul festivalului copii \u015fi elevi din \u00eenv\u0103\u0163\u0103m\u00e2ntul pre\u015fcolar, primar, gimnazial \u015filiceal de la institu\u0163ii de \u00eenv\u0103\u0163\u0103m\u00e2nt locale \u015fi jude\u0163ene;<br \/>\nParteneri Gr\u0103dini\u0163a cu program prelungit Rovinari, \u015ecoala Popular\u0103 de Art\u0103 \u2013 sec\u0163ia Rovinari, Clubul Copiilor Rovinari;<br \/>\nIntrarea este liber\u0103.<\/p>\n","protected":false},"excerpt":{"rendered":"<p>Festivalul Jude\u0163ean de Folclor &#8222;Mugura\u015fi de Prim\u0103var\u0103\u201d va avea loc la Casa de Cultur\u0103 a Sindicatelor din Ora\u015ful Rovinari, Vineri 12.06.2015 \u00eencep\u00e2nd cu orele 10.00; Vor participa \u00een cadrul festivalului copii \u015fi elevi din \u00eenv\u0103\u0163\u0103m\u00e2ntul pre\u015fcolar, primar, gimnazial \u015filiceal de la institu\u0163ii de \u00eenv\u0103\u0163\u0103m\u00e2nt locale \u015fi jude\u0163ene; Parteneri Gr\u0103dini\u0163a cu program prelungit Rovinari, \u015ecoala Popular\u0103 [&hellip;]<\/p>\n","protected":false},"author":1001022,"featured_media":0,"comment_status":"open","ping_status":"open","sticky":false,"template":"","format":"standard","meta":{"ngg_post_thumbnail":0,"footnotes":""},"categories":[9],"tags":[602,603],"class_list":["post-8328","post","type-post","status-publish","format-standard","hentry","category-anunturi","tag-festival-de-folclor","tag-mugurasi-de-primavara"],"_links":{"self":[{"href":"https:\/\/primariarovinari.ro\/old\/wp-json\/wp\/v2\/posts\/8328","targetHints":{"allow":["GET"]}}],"collection":[{"href":"https:\/\/primariarovinari.ro\/old\/wp-json\/wp\/v2\/posts"}],"about":[{"href":"https:\/\/primariarovinari.ro\/old\/wp-json\/wp\/v2\/types\/post"}],"author":[{"embeddable":true,"href":"https:\/\/primariarovinari.ro\/old\/wp-json\/wp\/v2\/users\/1001022"}],"replies":[{"embeddable":true,"href":"https:\/\/primariarovinari.ro\/old\/wp-json\/wp\/v2\/comments?post=8328"}],"version-history":[{"count":0,"href":"https:\/\/primariarovinari.ro\/old\/wp-json\/wp\/v2\/posts\/8328\/revisions"}],"wp:attachment":[{"href":"https:\/\/primariarovinari.ro\/old\/wp-json\/wp\/v2\/media?parent=8328"}],"wp:term":[{"taxonomy":"category","embeddable":true,"href":"https:\/\/primariarovinari.ro\/old\/wp-json\/wp\/v2\/categories?post=8328"},{"taxonomy":"post_tag","embeddable":true,"href":"https:\/\/primariarovinari.ro\/old\/wp-json\/wp\/v2\/tags?post=8328"}],"curies":[{"name":"wp","href":"https:\/\/api.w.org\/{rel}","templated":true}]}}