{"id":8294,"date":"2015-06-08T12:05:27","date_gmt":"2015-06-08T10:05:27","guid":{"rendered":"http:\/\/www.primariarovinari.ro\/?p=8294"},"modified":"2015-06-25T08:58:43","modified_gmt":"2015-06-25T06:58:43","slug":"masurile-de-interventie-in-situatiile-de-urgenta-determinate-de-canicula","status":"publish","type":"post","link":"https:\/\/primariarovinari.ro\/old\/2015\/06\/masurile-de-interventie-in-situatiile-de-urgenta-determinate-de-canicula\/","title":{"rendered":"M\u0103surile de interven\u021bie \u00een situa\u021biile de urgen\u021b\u0103 determinate de canicul\u0103."},"content":{"rendered":"<p style=\"text-align: justify;\"><a href=\"http:\/\/www.primariarovinari.ro\/wp-content\/uploads\/2015\/06\/desc\u0103rcare.jpg\"><img loading=\"lazy\" decoding=\"async\" class=\"alignright size-full wp-image-8296\" src=\"http:\/\/www.primariarovinari.ro\/wp-content\/uploads\/2015\/06\/desc\u0103rcare.jpg\" alt=\"desc\u0103rcare\" width=\"287\" height=\"176\" \/><\/a>\u00cen aten\u021bia popula\u021biei de pe raza administrativ-teritorial\u0103 a ora\u0219ului Rovinari.<\/p>\n<p style=\"text-align: justify;\">Av\u00e2nd \u00een vedere adresa emisa de Ministerul S\u0103n\u0103t\u0103\u021bii Direc\u021bia de S\u0103n\u0103tate Public\u0103 Gorj, Serviciul de Control \u00een S\u0103n\u0103tatea Public\u0103, prevederile Ordinul nr. 1168\/23.06.2008\u00a0Privind aprobarea componen\u021bei \u0219i atribu\u021biilor Comitetului tehnic central \u0219i\u00a0comitetelor jude\u021bene\/municipiului Bucure\u0219ti de coordonare a m\u0103surilor de\u00a0interven\u021bie \u00een situa\u021biile de urgent\u0103 determinate de calamit\u0103\u021bi naturale\u00a0( canicul\u0103), am ata\u0219at urm\u0103toarele:<\/p>\n<p><img decoding=\"async\" src=\"http:\/\/www.primariarovinari.ro\/wp-content\/plugins\/wp-downloadmanager\/images\/ext\/pdf.gif\" alt=\"\" title=\"\" style=\"vertical-align: middle;\" \/>&nbsp;&nbsp;<strong><a href=\"https:\/\/primariarovinari.ro\/old\/download\/pdf_uri\/masuri_canicula.pdf\">M\u0103surile de interven\u021bie \u00een situa\u021biile de urgen\u021b\u0103 determinate de canicul\u0103<\/a><\/strong> (2,0 MiB, 821 hits)<br>.<\/p>\n","protected":false},"excerpt":{"rendered":"<p>\u00cen aten\u021bia popula\u021biei de pe raza administrativ-teritorial\u0103 a ora\u0219ului Rovinari. Av\u00e2nd \u00een vedere adresa emisa de Ministerul S\u0103n\u0103t\u0103\u021bii Direc\u021bia de S\u0103n\u0103tate Public\u0103 Gorj, Serviciul de Control \u00een S\u0103n\u0103tatea Public\u0103, prevederile Ordinul nr. 1168\/23.06.2008\u00a0Privind aprobarea componen\u021bei \u0219i atribu\u021biilor Comitetului tehnic central \u0219i\u00a0comitetelor jude\u021bene\/municipiului Bucure\u0219ti de coordonare a m\u0103surilor de\u00a0interven\u021bie \u00een situa\u021biile de urgent\u0103 determinate de calamit\u0103\u021bi [&hellip;]<\/p>\n","protected":false},"author":1001022,"featured_media":0,"comment_status":"open","ping_status":"open","sticky":false,"template":"","format":"standard","meta":{"ngg_post_thumbnail":0,"footnotes":""},"categories":[1],"tags":[],"class_list":["post-8294","post","type-post","status-publish","format-standard","hentry","category-altele"],"_links":{"self":[{"href":"https:\/\/primariarovinari.ro\/old\/wp-json\/wp\/v2\/posts\/8294","targetHints":{"allow":["GET"]}}],"collection":[{"href":"https:\/\/primariarovinari.ro\/old\/wp-json\/wp\/v2\/posts"}],"about":[{"href":"https:\/\/primariarovinari.ro\/old\/wp-json\/wp\/v2\/types\/post"}],"author":[{"embeddable":true,"href":"https:\/\/primariarovinari.ro\/old\/wp-json\/wp\/v2\/users\/1001022"}],"replies":[{"embeddable":true,"href":"https:\/\/primariarovinari.ro\/old\/wp-json\/wp\/v2\/comments?post=8294"}],"version-history":[{"count":0,"href":"https:\/\/primariarovinari.ro\/old\/wp-json\/wp\/v2\/posts\/8294\/revisions"}],"wp:attachment":[{"href":"https:\/\/primariarovinari.ro\/old\/wp-json\/wp\/v2\/media?parent=8294"}],"wp:term":[{"taxonomy":"category","embeddable":true,"href":"https:\/\/primariarovinari.ro\/old\/wp-json\/wp\/v2\/categories?post=8294"},{"taxonomy":"post_tag","embeddable":true,"href":"https:\/\/primariarovinari.ro\/old\/wp-json\/wp\/v2\/tags?post=8294"}],"curies":[{"name":"wp","href":"https:\/\/api.w.org\/{rel}","templated":true}]}}