{"id":8038,"date":"2015-05-26T11:53:47","date_gmt":"2015-05-26T09:53:47","guid":{"rendered":"http:\/\/www.primariarovinari.ro\/?p=8038"},"modified":"2015-06-25T10:24:46","modified_gmt":"2015-06-25T08:24:46","slug":"ziua-eroilor-sarbatorita-la-rovinari","status":"publish","type":"post","link":"https:\/\/primariarovinari.ro\/old\/2015\/05\/ziua-eroilor-sarbatorita-la-rovinari\/","title":{"rendered":"Ziua Eroilor s\u0103rb\u0103torit\u0103 la Rovinari"},"content":{"rendered":"<p style=\"text-align: justify;\"><a href=\"http:\/\/www.primariarovinari.ro\/wp-content\/uploads\/2015\/05\/ART_6471.jpg\"><img loading=\"lazy\" decoding=\"async\" class=\"alignright size-medium wp-image-7999\" src=\"http:\/\/www.primariarovinari.ro\/wp-content\/uploads\/2015\/05\/ART_6471-300x200.jpg\" alt=\"ART_6471\" width=\"300\" height=\"200\" srcset=\"https:\/\/primariarovinari.ro\/old\/wp-content\/uploads\/2015\/05\/ART_6471-300x200.jpg 300w, https:\/\/primariarovinari.ro\/old\/wp-content\/uploads\/2015\/05\/ART_6471-1024x683.jpg 1024w\" sizes=\"auto, (max-width: 300px) 100vw, 300px\" \/><\/a>La fel ca \u00een anii preceden\u0163i, Prim\u0103ria Rovinari \u00eempreuna cu Consiliul Local Rovinari, \u015fcoliile \u015fi gr\u0103dini\u0163ele din ora\u015ful Rovinari, Jandarmeria \u015fi Politia Locala, a s\u0103rb\u0103torit ziua Eroilor al\u0103turi de cet\u0103\u0163enii acestui ora\u015f. \u00cen aceast\u0103 zi foarte important\u0103 pentru to\u021bi rom\u00e2nii, dar \u015fi pentru Ora\u015ful Rovinari, autorit\u0103\u0163ile locale au organizat o ceremonie de comemorare \u00een cinstea eroilor neamului la Complexul Memorial Aleea Eroilor. Primarul Dorin Filip a participat la slujba religioasa \u015fi a despus coroane de flori la bustul Sublocotenentului Post \u2013 Mortem Constantin Lauren\u021biu Lixandru, al\u0103turi de Camarazii acestuia de la \u201cUnitatea Militar\u0103 Scorpionii Ro\u0219ii Craiova\u201d. Dup\u0103 ceremonie, la Catedrala Ortodox\u0103 \u201cSfin\u021bii \u00cemp\u0103ra\u021bi Constantin \u0219i Elena\u201d au primit o masa calda, to\u0163i cet\u0103\u0163enii ce au fost al\u0103turi, pentru a onora eroii \u0163\u0103rii noastre.<\/p>\n<p style=\"text-align: justify;\"><!--more--><\/p>\n<p style=\"text-align: justify;\">[Not a valid template]<\/p>\n","protected":false},"excerpt":{"rendered":"<p>La fel ca \u00een anii preceden\u0163i, Prim\u0103ria Rovinari \u00eempreuna cu Consiliul Local Rovinari, \u015fcoliile \u015fi gr\u0103dini\u0163ele din ora\u015ful Rovinari, Jandarmeria \u015fi Politia Locala, a s\u0103rb\u0103torit ziua Eroilor al\u0103turi de cet\u0103\u0163enii acestui ora\u015f. \u00cen aceast\u0103 zi foarte important\u0103 pentru to\u021bi rom\u00e2nii, dar \u015fi pentru Ora\u015ful Rovinari, autorit\u0103\u0163ile locale au organizat o ceremonie de comemorare \u00een cinstea [&hellip;]<\/p>\n","protected":false},"author":1001022,"featured_media":0,"comment_status":"open","ping_status":"open","sticky":false,"template":"","format":"standard","meta":{"ngg_post_thumbnail":0,"footnotes":""},"categories":[9],"tags":[598],"class_list":["post-8038","post","type-post","status-publish","format-standard","hentry","category-anunturi","tag-ziua-eroilor-2015"],"_links":{"self":[{"href":"https:\/\/primariarovinari.ro\/old\/wp-json\/wp\/v2\/posts\/8038","targetHints":{"allow":["GET"]}}],"collection":[{"href":"https:\/\/primariarovinari.ro\/old\/wp-json\/wp\/v2\/posts"}],"about":[{"href":"https:\/\/primariarovinari.ro\/old\/wp-json\/wp\/v2\/types\/post"}],"author":[{"embeddable":true,"href":"https:\/\/primariarovinari.ro\/old\/wp-json\/wp\/v2\/users\/1001022"}],"replies":[{"embeddable":true,"href":"https:\/\/primariarovinari.ro\/old\/wp-json\/wp\/v2\/comments?post=8038"}],"version-history":[{"count":0,"href":"https:\/\/primariarovinari.ro\/old\/wp-json\/wp\/v2\/posts\/8038\/revisions"}],"wp:attachment":[{"href":"https:\/\/primariarovinari.ro\/old\/wp-json\/wp\/v2\/media?parent=8038"}],"wp:term":[{"taxonomy":"category","embeddable":true,"href":"https:\/\/primariarovinari.ro\/old\/wp-json\/wp\/v2\/categories?post=8038"},{"taxonomy":"post_tag","embeddable":true,"href":"https:\/\/primariarovinari.ro\/old\/wp-json\/wp\/v2\/tags?post=8038"}],"curies":[{"name":"wp","href":"https:\/\/api.w.org\/{rel}","templated":true}]}}