{"id":7904,"date":"2015-04-10T09:25:20","date_gmt":"2015-04-10T07:25:20","guid":{"rendered":"http:\/\/www.primariarovinari.ro\/?p=7904"},"modified":"2015-06-25T15:37:36","modified_gmt":"2015-06-25T13:37:36","slug":"invierea-domnului-sa-va-aduca-sanatate-si-liniste-sufleteasca","status":"publish","type":"post","link":"https:\/\/primariarovinari.ro\/old\/2015\/04\/invierea-domnului-sa-va-aduca-sanatate-si-liniste-sufleteasca\/","title":{"rendered":"\u00cenvierea Domnului s\u0103 v\u0103 aduc\u0103 s\u0103n\u0103tate \u015fi lini\u015fte sufleteasc\u0103"},"content":{"rendered":"<p style=\"text-align: justify;\"><a href=\"http:\/\/www.primariarovinari.ro\/wp-content\/uploads\/2015\/04\/greeting_0362001001207583678_1.jpg\"><img loading=\"lazy\" decoding=\"async\" class=\"alignright size-medium wp-image-7905\" src=\"http:\/\/www.primariarovinari.ro\/wp-content\/uploads\/2015\/04\/greeting_0362001001207583678_1-300x262.jpg\" alt=\"greeting_0362001001207583678_1\" width=\"300\" height=\"262\" srcset=\"https:\/\/primariarovinari.ro\/old\/wp-content\/uploads\/2015\/04\/greeting_0362001001207583678_1-300x262.jpg 300w, https:\/\/primariarovinari.ro\/old\/wp-content\/uploads\/2015\/04\/greeting_0362001001207583678_1.jpg 550w\" sizes=\"auto, (max-width: 300px) 100vw, 300px\" \/><\/a>Vestea \u00cenvierii Domnului sa va aduca toturor cetatenilor Orasului Rovinari bucurie \u015fi speran\u0163\u0103 \u00een suflete, sa\u00a0 va \u00eenc\u0103lzeasca \u00a0inimile roditoare de iubire \u015fi adev\u0103r. Lumina acestor zile de s\u0103rb\u0103toare sa va c\u0103l\u0103uzeasca \u00a0drumul spre pacea \u00a0sufleteasc\u0103, apropiindu-ne de sfintele valori cre\u015ftine. S\u0103 fim \u00eempreun\u0103 la acesta mare sarbatoare a tuturor Crestinilor, f\u0103c\u00e2nd din comunitatea noastr\u0103 o mare familie cu oamenii buni, lumino\u015fi , aprecia\u0163i \u015fi respecta\u0163i.<\/p>\n<p style=\"text-align: justify;\">Dumnezeu s\u0103 v\u0103 \u0163in\u0103 \u00een s\u0103n\u0103tate \u015fi bun\u0103stare, familia \u015fi pe to\u0163i cei dragi.Va doresc o sarbatoare a Invierii Domnului,plina de lumina si liniste sufleteasca.<\/p>\n<p style=\"text-align: justify;\"><strong>\u00a0<\/strong><\/p>\n<p>&nbsp;<\/p>\n","protected":false},"excerpt":{"rendered":"<p>Vestea \u00cenvierii Domnului sa va aduca toturor cetatenilor Orasului Rovinari bucurie \u015fi speran\u0163\u0103 \u00een suflete, sa\u00a0 va \u00eenc\u0103lzeasca \u00a0inimile roditoare de iubire \u015fi adev\u0103r. Lumina acestor zile de s\u0103rb\u0103toare sa va c\u0103l\u0103uzeasca \u00a0drumul spre pacea \u00a0sufleteasc\u0103, apropiindu-ne de sfintele valori cre\u015ftine. S\u0103 fim \u00eempreun\u0103 la acesta mare sarbatoare a tuturor Crestinilor, f\u0103c\u00e2nd din comunitatea noastr\u0103 [&hellip;]<\/p>\n","protected":false},"author":1001022,"featured_media":0,"comment_status":"open","ping_status":"open","sticky":false,"template":"","format":"standard","meta":{"ngg_post_thumbnail":0,"footnotes":""},"categories":[9],"tags":[594],"class_list":["post-7904","post","type-post","status-publish","format-standard","hentry","category-anunturi","tag-invierea-domnului"],"_links":{"self":[{"href":"https:\/\/primariarovinari.ro\/old\/wp-json\/wp\/v2\/posts\/7904","targetHints":{"allow":["GET"]}}],"collection":[{"href":"https:\/\/primariarovinari.ro\/old\/wp-json\/wp\/v2\/posts"}],"about":[{"href":"https:\/\/primariarovinari.ro\/old\/wp-json\/wp\/v2\/types\/post"}],"author":[{"embeddable":true,"href":"https:\/\/primariarovinari.ro\/old\/wp-json\/wp\/v2\/users\/1001022"}],"replies":[{"embeddable":true,"href":"https:\/\/primariarovinari.ro\/old\/wp-json\/wp\/v2\/comments?post=7904"}],"version-history":[{"count":0,"href":"https:\/\/primariarovinari.ro\/old\/wp-json\/wp\/v2\/posts\/7904\/revisions"}],"wp:attachment":[{"href":"https:\/\/primariarovinari.ro\/old\/wp-json\/wp\/v2\/media?parent=7904"}],"wp:term":[{"taxonomy":"category","embeddable":true,"href":"https:\/\/primariarovinari.ro\/old\/wp-json\/wp\/v2\/categories?post=7904"},{"taxonomy":"post_tag","embeddable":true,"href":"https:\/\/primariarovinari.ro\/old\/wp-json\/wp\/v2\/tags?post=7904"}],"curies":[{"name":"wp","href":"https:\/\/api.w.org\/{rel}","templated":true}]}}