{"id":7899,"date":"2015-04-03T14:54:03","date_gmt":"2015-04-03T12:54:03","guid":{"rendered":"http:\/\/www.primariarovinari.ro\/?p=7899"},"modified":"2015-06-25T15:38:41","modified_gmt":"2015-06-25T13:38:41","slug":"la-multi-ani-de-florii","status":"publish","type":"post","link":"https:\/\/primariarovinari.ro\/old\/2015\/04\/la-multi-ani-de-florii\/","title":{"rendered":"La mul\u021bi ani de Florii!"},"content":{"rendered":"<p style=\"text-align: justify;\"><a href=\"http:\/\/www.primariarovinari.ro\/wp-content\/uploads\/2015\/04\/lalele-galbene-64429x1024.jpg\"><img loading=\"lazy\" decoding=\"async\" class=\"alignright size-medium wp-image-7900\" src=\"http:\/\/www.primariarovinari.ro\/wp-content\/uploads\/2015\/04\/lalele-galbene-64429x1024-300x200.jpg\" alt=\"lalele-galbene-64429x1024\" width=\"300\" height=\"200\" srcset=\"https:\/\/primariarovinari.ro\/old\/wp-content\/uploads\/2015\/04\/lalele-galbene-64429x1024-300x200.jpg 300w, https:\/\/primariarovinari.ro\/old\/wp-content\/uploads\/2015\/04\/lalele-galbene-64429x1024.jpg 1024w\" sizes=\"auto, (max-width: 300px) 100vw, 300px\" \/><\/a>Cu o s\u0103pt\u0103m\u00e2n\u0103 \u00eenaintea s\u0103rb\u0103toririi Sfintelor Pa\u0219ti sunt Floriile, s\u0103rb\u0103toare care marcheaz\u0103 intrarea Domnului \u00een Ierusalim. Numele acestei s\u0103rb\u0103tori este legat \u0219i de faptul c\u0103 \u00een aceast\u0103 perioad\u0103 to\u021bi pomii \u0219i toate florile \u00eencep s\u0103 \u00eenfloreasc\u0103. Aceasta zi este dedicata celui mai frumos lucru din lume &#8211; florile, minuni ale naturii.<br \/>\nTot \u00een aceast\u0103 zi, s\u0103rb\u0103torim persoanele care poart\u0103 nume de flori.De ziua dumneavoastr\u0103, s\u0103 fi\u021bi ferici\u021bi \u0219i s\u0103 v\u0103 bucura\u021bi de via\u021ba! La multi ani!<\/p>\n","protected":false},"excerpt":{"rendered":"<p>Cu o s\u0103pt\u0103m\u00e2n\u0103 \u00eenaintea s\u0103rb\u0103toririi Sfintelor Pa\u0219ti sunt Floriile, s\u0103rb\u0103toare care marcheaz\u0103 intrarea Domnului \u00een Ierusalim. Numele acestei s\u0103rb\u0103tori este legat \u0219i de faptul c\u0103 \u00een aceast\u0103 perioad\u0103 to\u021bi pomii \u0219i toate florile \u00eencep s\u0103 \u00eenfloreasc\u0103. Aceasta zi este dedicata celui mai frumos lucru din lume &#8211; florile, minuni ale naturii. Tot \u00een aceast\u0103 zi, [&hellip;]<\/p>\n","protected":false},"author":1001022,"featured_media":0,"comment_status":"open","ping_status":"open","sticky":false,"template":"","format":"standard","meta":{"ngg_post_thumbnail":0,"footnotes":""},"categories":[9],"tags":[],"class_list":["post-7899","post","type-post","status-publish","format-standard","hentry","category-anunturi"],"_links":{"self":[{"href":"https:\/\/primariarovinari.ro\/old\/wp-json\/wp\/v2\/posts\/7899","targetHints":{"allow":["GET"]}}],"collection":[{"href":"https:\/\/primariarovinari.ro\/old\/wp-json\/wp\/v2\/posts"}],"about":[{"href":"https:\/\/primariarovinari.ro\/old\/wp-json\/wp\/v2\/types\/post"}],"author":[{"embeddable":true,"href":"https:\/\/primariarovinari.ro\/old\/wp-json\/wp\/v2\/users\/1001022"}],"replies":[{"embeddable":true,"href":"https:\/\/primariarovinari.ro\/old\/wp-json\/wp\/v2\/comments?post=7899"}],"version-history":[{"count":0,"href":"https:\/\/primariarovinari.ro\/old\/wp-json\/wp\/v2\/posts\/7899\/revisions"}],"wp:attachment":[{"href":"https:\/\/primariarovinari.ro\/old\/wp-json\/wp\/v2\/media?parent=7899"}],"wp:term":[{"taxonomy":"category","embeddable":true,"href":"https:\/\/primariarovinari.ro\/old\/wp-json\/wp\/v2\/categories?post=7899"},{"taxonomy":"post_tag","embeddable":true,"href":"https:\/\/primariarovinari.ro\/old\/wp-json\/wp\/v2\/tags?post=7899"}],"curies":[{"name":"wp","href":"https:\/\/api.w.org\/{rel}","templated":true}]}}