{"id":7845,"date":"2015-03-05T11:25:02","date_gmt":"2015-03-05T09:25:02","guid":{"rendered":"http:\/\/www.primariarovinari.ro\/?p=7845"},"modified":"2015-06-25T15:44:02","modified_gmt":"2015-06-25T13:44:02","slug":"inceputul-primaverii-a-fost-marcat-de-catre-primarul-dorin-filip-asa-cum-se-cuvine","status":"publish","type":"post","link":"https:\/\/primariarovinari.ro\/old\/2015\/03\/inceputul-primaverii-a-fost-marcat-de-catre-primarul-dorin-filip-asa-cum-se-cuvine\/","title":{"rendered":"\u00cenceputul prim\u0103verii a fost marcat, de c\u0103tre primarul Dorin Filip, a\u015fa cum se cuvine"},"content":{"rendered":"<p style=\"text-align: justify;\"><a href=\"http:\/\/www.primariarovinari.ro\/wp-content\/uploads\/2015\/03\/MG_2120.jpg\"><img loading=\"lazy\" decoding=\"async\" class=\"alignright size-medium wp-image-7846\" src=\"http:\/\/www.primariarovinari.ro\/wp-content\/uploads\/2015\/03\/MG_2120-300x200.jpg\" alt=\"Foto Florino www.facebook.com\/videofilmari  tel. 0765075711\" width=\"300\" height=\"200\" srcset=\"https:\/\/primariarovinari.ro\/old\/wp-content\/uploads\/2015\/03\/MG_2120-300x200.jpg 300w, https:\/\/primariarovinari.ro\/old\/wp-content\/uploads\/2015\/03\/MG_2120-1024x683.jpg 1024w\" sizes=\"auto, (max-width: 300px) 100vw, 300px\" \/><\/a>Duminic\u0103, 1 Martie, primarul ora\u015fului Rovinari, a avut deosebita pl\u0103cere de a oferi doamnelor \u0219i domni\u0219oarelor o floare \u0219i un m\u0103r\u021bi\u0219or. De\u0219i vremea nu a fost frumoas\u0103, acesta \u015fi-a dorit s\u0103 ofere personal acest m\u0103r\u021bi\u0219or, un simbol al re\u00eennoirii timpului, al rena\u015fterii naturii, dar \u015fi al speran\u0163ei, menit s\u0103 aduc\u0103 noroc \u015fi bel\u015fug \u00een via\u021b\u0103.<br \/>\n<!--more-->Au fost \u00eemp\u0103r\u021bite flori \u0219i m\u0103r\u021bi\u0219oare prin tot ora\u0219ul, plec\u00e2nd de la sediul Prim\u0103riei, \u00eempreun\u0103 cu \u0219apte func\u021bionari publici, spre strada Muncii, pe Bulevardul Minerilor \u0219i \u00een Pia\u021b\u0103, unde primarul a \u00eent\u00e2lnit multe doamne \u0219i domni\u0219oare, care au fost foarte \u00eenc\u00e2ntate de gestul acestuia.<br \/>\nDe asemenea, primarul a vizitat \u015fi Spitalul Or\u0103\u0219enesc \u201eSf\u00e2ntul \u0218tefan\u201d, unde, pe l\u00e2ng\u0103 faptul c\u0103 a oferit m\u0103r\u021bi\u0219oare \u0219i flori doamnelor \u0219i domni\u0219oarelor internate, a stat de vorb\u0103 cu acestea \u0219i le-a ascultat problemele, a\u0219a cum o face \u00eentotdeauna.<br \/>\n\u201c\u0218i ziua de 8 Martie o vom s\u0103rb\u0103tori a\u0219a cum mereu am f\u0103cut-o mereu. A\u0219adar, am deosebita pl\u0103cere de a v\u0103 invita la spectacolul muzical \u201cO Floare,Un Z\u00e2mbet,Un C\u00e2ntec\u2026\u201d, spectacol ce va avea loc la Casa de Cultur\u0103 a Sindicatelor Rovinari, vineri 6 Martie 2015, \u00eencep\u00e2nd cu orele 16:00.<br \/>\nLa final, vreau s\u0103 v\u0103 transmit, \u00eenc\u0103 o dat\u0103, \u201eLa mul\u021bi ani\u201d, s\u0103n\u0103tate, \u00eemplinirea tuturor visurilor, precum \u0219i lini\u0219te sufleteasc\u0103!\u201d &#8211; Primarul ora\u015fului Rovinari \u2013 Dorin Filip<\/p>\n","protected":false},"excerpt":{"rendered":"<p>Duminic\u0103, 1 Martie, primarul ora\u015fului Rovinari, a avut deosebita pl\u0103cere de a oferi doamnelor \u0219i domni\u0219oarelor o floare \u0219i un m\u0103r\u021bi\u0219or. De\u0219i vremea nu a fost frumoas\u0103, acesta \u015fi-a dorit s\u0103 ofere personal acest m\u0103r\u021bi\u0219or, un simbol al re\u00eennoirii timpului, al rena\u015fterii naturii, dar \u015fi al speran\u0163ei, menit s\u0103 aduc\u0103 noroc \u015fi bel\u015fug \u00een via\u021b\u0103.<\/p>\n","protected":false},"author":1001008,"featured_media":0,"comment_status":"open","ping_status":"open","sticky":false,"template":"","format":"standard","meta":{"ngg_post_thumbnail":0,"footnotes":""},"categories":[151],"tags":[123],"class_list":["post-7845","post","type-post","status-publish","format-standard","hentry","category-informatii-publice","tag-1-martie"],"_links":{"self":[{"href":"https:\/\/primariarovinari.ro\/old\/wp-json\/wp\/v2\/posts\/7845","targetHints":{"allow":["GET"]}}],"collection":[{"href":"https:\/\/primariarovinari.ro\/old\/wp-json\/wp\/v2\/posts"}],"about":[{"href":"https:\/\/primariarovinari.ro\/old\/wp-json\/wp\/v2\/types\/post"}],"author":[{"embeddable":true,"href":"https:\/\/primariarovinari.ro\/old\/wp-json\/wp\/v2\/users\/1001008"}],"replies":[{"embeddable":true,"href":"https:\/\/primariarovinari.ro\/old\/wp-json\/wp\/v2\/comments?post=7845"}],"version-history":[{"count":0,"href":"https:\/\/primariarovinari.ro\/old\/wp-json\/wp\/v2\/posts\/7845\/revisions"}],"wp:attachment":[{"href":"https:\/\/primariarovinari.ro\/old\/wp-json\/wp\/v2\/media?parent=7845"}],"wp:term":[{"taxonomy":"category","embeddable":true,"href":"https:\/\/primariarovinari.ro\/old\/wp-json\/wp\/v2\/categories?post=7845"},{"taxonomy":"post_tag","embeddable":true,"href":"https:\/\/primariarovinari.ro\/old\/wp-json\/wp\/v2\/tags?post=7845"}],"curies":[{"name":"wp","href":"https:\/\/api.w.org\/{rel}","templated":true}]}}