{"id":7840,"date":"2015-03-05T10:20:16","date_gmt":"2015-03-05T08:20:16","guid":{"rendered":"http:\/\/www.primariarovinari.ro\/?p=7840"},"modified":"2015-06-25T15:44:28","modified_gmt":"2015-06-25T13:44:28","slug":"spectacol-8-martie-o-floare-un-zambet-un-cantec","status":"publish","type":"post","link":"https:\/\/primariarovinari.ro\/old\/2015\/03\/spectacol-8-martie-o-floare-un-zambet-un-cantec\/","title":{"rendered":"Spectacol 8 Martie &#8211; &#8222;O Floare, Un Z\u00e2mbet, Un C\u00e2ntec&#8221;"},"content":{"rendered":"<p style=\"text-align: justify;\"><a href=\"http:\/\/www.primariarovinari.ro\/wp-content\/uploads\/2015\/03\/ATT_1425391785870_afis-ziua-femeii-6-Martie-2015.jpg\"><img loading=\"lazy\" decoding=\"async\" class=\"alignright size-medium wp-image-7841\" src=\"http:\/\/www.primariarovinari.ro\/wp-content\/uploads\/2015\/03\/ATT_1425391785870_afis-ziua-femeii-6-Martie-2015-212x300.jpg\" alt=\"ATT_1425391785870_afis ziua femeii 6 Martie 2015\" width=\"212\" height=\"300\" srcset=\"https:\/\/primariarovinari.ro\/old\/wp-content\/uploads\/2015\/03\/ATT_1425391785870_afis-ziua-femeii-6-Martie-2015-212x300.jpg 212w, https:\/\/primariarovinari.ro\/old\/wp-content\/uploads\/2015\/03\/ATT_1425391785870_afis-ziua-femeii-6-Martie-2015-724x1024.jpg 724w, https:\/\/primariarovinari.ro\/old\/wp-content\/uploads\/2015\/03\/ATT_1425391785870_afis-ziua-femeii-6-Martie-2015-300x424.jpg 300w\" sizes=\"auto, (max-width: 212px) 100vw, 212px\" \/><\/a>Cu ocazia zilei de 8 Martie, primarul ora\u0219ului Rovinari, Dorin Filip, \u00een colaborare cu Consiliul Local Rovinari, Casa de Cultur\u0103 \u0219i Biblioteca Rovinari, organizeaz\u0103 spectacolul muzical \u201cO Floare,Un Z\u00e2mbet,Un C\u00e2ntec\u2026\u201d.<br \/>\nPrimarul ora\u0219ului \u021bine foarte mult la acest obicei \u0219i, \u00een fiecare an, \u201eZiua Femeii\u201d este s\u0103rb\u0103torit\u0103, la Rovinari, a\u0219a cum se cuvine.<br \/>\nSpectacolul va avea loc la Casa de Cultur\u0103 a Sindicatelor Rovinari, vineri 6 Martie 2015, \u00eencep\u00e2nd cu orele 16:00.<br \/>\nInvita\u021bi:<br \/>\nInvitat special: C\u0103lin Cri\u0219an;<br \/>\nClubul Copiilor Rovinari;<br \/>\nAnsamblul de c\u00e2ntece \u0219i dansuri populare \u201cMuguri de Folclor\u201d;<br \/>\n\u0218coala Popular\u0103 de Art\u0103-sec\u021bia Rovinari;<br \/>\nGrupul \u201cPrivighetorile Gorjului\u201d.<\/p>\n<p style=\"text-align: justify;\">V\u0103 a\u015ftept\u0103m \u00een num\u0103r c\u00e2t mai mare!<\/p>\n<p>&nbsp;<\/p>\n","protected":false},"excerpt":{"rendered":"<p>Cu ocazia zilei de 8 Martie, primarul ora\u0219ului Rovinari, Dorin Filip, \u00een colaborare cu Consiliul Local Rovinari, Casa de Cultur\u0103 \u0219i Biblioteca Rovinari, organizeaz\u0103 spectacolul muzical \u201cO Floare,Un Z\u00e2mbet,Un C\u00e2ntec\u2026\u201d. Primarul ora\u0219ului \u021bine foarte mult la acest obicei \u0219i, \u00een fiecare an, \u201eZiua Femeii\u201d este s\u0103rb\u0103torit\u0103, la Rovinari, a\u0219a cum se cuvine. Spectacolul va avea [&hellip;]<\/p>\n","protected":false},"author":1001008,"featured_media":0,"comment_status":"open","ping_status":"open","sticky":false,"template":"","format":"standard","meta":{"ngg_post_thumbnail":0,"footnotes":""},"categories":[151],"tags":[552],"class_list":["post-7840","post","type-post","status-publish","format-standard","hentry","category-informatii-publice","tag-spectacol-8-martie"],"_links":{"self":[{"href":"https:\/\/primariarovinari.ro\/old\/wp-json\/wp\/v2\/posts\/7840","targetHints":{"allow":["GET"]}}],"collection":[{"href":"https:\/\/primariarovinari.ro\/old\/wp-json\/wp\/v2\/posts"}],"about":[{"href":"https:\/\/primariarovinari.ro\/old\/wp-json\/wp\/v2\/types\/post"}],"author":[{"embeddable":true,"href":"https:\/\/primariarovinari.ro\/old\/wp-json\/wp\/v2\/users\/1001008"}],"replies":[{"embeddable":true,"href":"https:\/\/primariarovinari.ro\/old\/wp-json\/wp\/v2\/comments?post=7840"}],"version-history":[{"count":0,"href":"https:\/\/primariarovinari.ro\/old\/wp-json\/wp\/v2\/posts\/7840\/revisions"}],"wp:attachment":[{"href":"https:\/\/primariarovinari.ro\/old\/wp-json\/wp\/v2\/media?parent=7840"}],"wp:term":[{"taxonomy":"category","embeddable":true,"href":"https:\/\/primariarovinari.ro\/old\/wp-json\/wp\/v2\/categories?post=7840"},{"taxonomy":"post_tag","embeddable":true,"href":"https:\/\/primariarovinari.ro\/old\/wp-json\/wp\/v2\/tags?post=7840"}],"curies":[{"name":"wp","href":"https:\/\/api.w.org\/{rel}","templated":true}]}}