{"id":7760,"date":"2015-02-17T09:42:37","date_gmt":"2015-02-17T07:42:37","guid":{"rendered":"http:\/\/www.primariarovinari.ro\/?p=7760"},"modified":"2015-02-17T09:47:02","modified_gmt":"2015-02-17T07:47:02","slug":"concurs-expozi%c8%9bie-crea%c8%9bie-literara-%c8%99i-religioasa","status":"publish","type":"post","link":"https:\/\/primariarovinari.ro\/old\/2015\/02\/concurs-expozi%c8%9bie-crea%c8%9bie-literara-%c8%99i-religioasa\/","title":{"rendered":"Concurs-Expozi\u021bie-Crea\u021bie literar\u0103 \u0219i religioas\u0103"},"content":{"rendered":"<div id=\"_mcePaste\">\n<div id=\"_mcePaste\" style=\"text-align: justify;\"><a href=\"http:\/\/www.primariarovinari.ro\/wp-content\/uploads\/2015\/02\/000012.jpg\"><img loading=\"lazy\" decoding=\"async\" class=\"alignright size-medium wp-image-7763\" title=\"00001\" src=\"http:\/\/www.primariarovinari.ro\/wp-content\/uploads\/2015\/02\/000012-213x300.jpg\" alt=\"\" width=\"213\" height=\"300\" srcset=\"https:\/\/primariarovinari.ro\/old\/wp-content\/uploads\/2015\/02\/000012-213x300.jpg 213w, https:\/\/primariarovinari.ro\/old\/wp-content\/uploads\/2015\/02\/000012-728x1024.jpg 728w\" sizes=\"auto, (max-width: 213px) 100vw, 213px\" \/><\/a>\u0218coala Gimnazial\u0103 Nr. 1 Mizil \u0219i Liceul Teoretic \u201cGrigore Tocilescu\u201d Mizil,organizeaz\u0103 Proiectul Educa\u021bional \u201cCredin\u021b\u0103 \u0219i Literatur\u0103 Exprimat\u0103 prin Pictur\u0103\u201d- 7 Martie 2015.<\/div>\n<div style=\"text-align: justify;\">Concursul are ca scop dezvolatarea gustului estetic \u0219i a creativit\u0103\u021bii pentru Art\u0103 \u00een general \u0219i Literatur\u0103. Se adreseaz\u0103 elevilor din \u0219colile \u00a0participante la proiect, copiiilor cu aptitudini, \u00eenclina\u021bii pentru art\u0103 plastic\u0103 \u0219i literatur\u0103 promov\u00e2nd valorile culturale \u0219i estetice fundamentale, \u00a0precum \u0219i fair-playul.<\/div>\n<div id=\"_mcePaste\" style=\"text-align: justify;\">Premiile vor consta din diplome \u0219i \u00a0c\u0103r\u021bi de literatur\u0103- pentru premiul I,II,III \u0219i 3 men\u021biuni .C\u00e2\u0219tig\u0103torii \u0219i lucr\u0103rile premiate vor fi mediatiza\u021bi \u00een presa local\u0103 a ora\u0219ului Mizil printr-un articol \u00een revista local\u0103 \u201eFereastr\u0103\u201d \u0219i post\u0103ri pe blog-ul concursului http:\/\/credintasipictura.wordpress.com\/ \u00a0\u0219i re\u021bele de socializare.<\/div>\n<div id=\"_mcePaste\" style=\"text-align: justify;\">Detalii referitoare la condi\u021biile de \u00eenscriere \u0219i participare, la desf\u0103surarea concursului, la temele concursului, precum \u0219i la persoanele de contact g\u0103si\u021bi \u00een ata\u0219ament.<\/div>\n<div style=\"text-align: justify;\"><img decoding=\"async\" src=\"http:\/\/www.primariarovinari.ro\/wp-content\/plugins\/wp-downloadmanager\/images\/ext\/doc.gif\" alt=\"\" title=\"\" style=\"vertical-align: middle;\" \/>&nbsp;&nbsp;<strong><a href=\"https:\/\/primariarovinari.ro\/old\/download\/pdf_uri\/Regulament_Concurs.doc\">Regulament_Concurs.doc<\/a><\/strong> (45,0 KiB, 717 hits)<br><\/div>\n<\/div>\n","protected":false},"excerpt":{"rendered":"<p>\u0218coala Gimnazial\u0103 Nr. 1 Mizil \u0219i Liceul Teoretic \u201cGrigore Tocilescu\u201d Mizil,organizeaz\u0103 Proiectul Educa\u021bional \u201cCredin\u021b\u0103 \u0219i Literatur\u0103 Exprimat\u0103 prin Pictur\u0103\u201d- 7 Martie 2015. Concursul are ca scop dezvolatarea gustului estetic \u0219i a creativit\u0103\u021bii pentru Art\u0103 \u00een general \u0219i Literatur\u0103. Se adreseaz\u0103 elevilor din \u0219colile \u00a0participante la proiect, copiiilor cu aptitudini, \u00eenclina\u021bii pentru art\u0103 plastic\u0103 \u0219i literatur\u0103 [&hellip;]<\/p>\n","protected":false},"author":1001008,"featured_media":0,"comment_status":"open","ping_status":"open","sticky":false,"template":"","format":"standard","meta":{"ngg_post_thumbnail":0,"footnotes":""},"categories":[4],"tags":[586],"class_list":["post-7760","post","type-post","status-publish","format-standard","hentry","category-informatii-locale","tag-concurs-creatie-literara-si-religioasa"],"_links":{"self":[{"href":"https:\/\/primariarovinari.ro\/old\/wp-json\/wp\/v2\/posts\/7760","targetHints":{"allow":["GET"]}}],"collection":[{"href":"https:\/\/primariarovinari.ro\/old\/wp-json\/wp\/v2\/posts"}],"about":[{"href":"https:\/\/primariarovinari.ro\/old\/wp-json\/wp\/v2\/types\/post"}],"author":[{"embeddable":true,"href":"https:\/\/primariarovinari.ro\/old\/wp-json\/wp\/v2\/users\/1001008"}],"replies":[{"embeddable":true,"href":"https:\/\/primariarovinari.ro\/old\/wp-json\/wp\/v2\/comments?post=7760"}],"version-history":[{"count":0,"href":"https:\/\/primariarovinari.ro\/old\/wp-json\/wp\/v2\/posts\/7760\/revisions"}],"wp:attachment":[{"href":"https:\/\/primariarovinari.ro\/old\/wp-json\/wp\/v2\/media?parent=7760"}],"wp:term":[{"taxonomy":"category","embeddable":true,"href":"https:\/\/primariarovinari.ro\/old\/wp-json\/wp\/v2\/categories?post=7760"},{"taxonomy":"post_tag","embeddable":true,"href":"https:\/\/primariarovinari.ro\/old\/wp-json\/wp\/v2\/tags?post=7760"}],"curies":[{"name":"wp","href":"https:\/\/api.w.org\/{rel}","templated":true}]}}