{"id":7669,"date":"2015-01-13T09:55:16","date_gmt":"2015-01-13T07:55:16","guid":{"rendered":"http:\/\/www.primariarovinari.ro\/?p=7669"},"modified":"2015-01-13T14:18:15","modified_gmt":"2015-01-13T12:18:15","slug":"14-ianuarie-2015-zi-de-doliu-in-orasul-rovinari","status":"publish","type":"post","link":"https:\/\/primariarovinari.ro\/old\/2015\/01\/14-ianuarie-2015-zi-de-doliu-in-orasul-rovinari\/","title":{"rendered":"14 ianuarie 2015, zi de doliu \u00een Ora\u015ful Rovinari"},"content":{"rendered":"<p style=\"text-align: justify;\"><a href=\"http:\/\/www.primariarovinari.ro\/wp-content\/uploads\/2015\/01\/zidoliurovinari.jpg\"><img loading=\"lazy\" decoding=\"async\" class=\"alignright size-medium wp-image-7672\" style=\"margin-top: 2px; margin-bottom: 2px;\" title=\"zidoliurovinari\" src=\"http:\/\/www.primariarovinari.ro\/wp-content\/uploads\/2015\/01\/zidoliurovinari-218x300.jpg\" alt=\"\" width=\"218\" height=\"300\" srcset=\"https:\/\/primariarovinari.ro\/old\/wp-content\/uploads\/2015\/01\/zidoliurovinari-218x300.jpg 218w, https:\/\/primariarovinari.ro\/old\/wp-content\/uploads\/2015\/01\/zidoliurovinari-744x1024.jpg 744w, https:\/\/primariarovinari.ro\/old\/wp-content\/uploads\/2015\/01\/zidoliurovinari.jpg 1021w\" sizes=\"auto, (max-width: 218px) 100vw, 218px\" \/><\/a><\/p>\n<p style=\"text-align: justify;\">Cu mare durere am aflat despre stingerea din via\u0163\u0103 a celor \u015fapte persoane, \u00een cumplitul eveniment petrecut luni \u00een ora\u015ful nostru. Este un moment trist pentru ora\u015ful nostru, pentru rovin\u0103reni \u015fi pentru mine personal. \u015ease copii, \u00eempreun\u0103 cu tat\u0103l lor, au fost g\u0103si\u0163i deceda\u0163i \u00een garsoniera unde locuiau. Acest lucru s-a \u00eent\u00e2mplat din cauza intoxica\u0163iei cu monoxid de carbon. \u00cen fapt, nici nu conteaz\u0103 cauza decesului sau motivul pentru care s-a petrecut acest trist eveniment.<\/p>\n<p style=\"text-align: justify;\">S\u0103 nu c\u0103ut\u0103m responsabili, s\u0103 nu blam\u0103m. Trebuie, ca \u00een aceste triste momente, s\u0103 fim al\u0103turi de familia \u00eendoliat\u0103, s\u0103 demonstr\u0103m faptul c\u0103 suntem solidari \u015fi s\u0103 \u00eei conducem \u00eempreun\u0103 pe ultimul drum.\u00a0Primul lucru la care m-am g\u00e2ndit ieri a fost acela de a ajuta aceast\u0103 familie. Era o familie pe care, de altfel, o cuno\u015fteam destul de bine. Am emis o dispozi\u0163ie, prin care am declarat ziua de 14 ianuarie 2015 zi de doliu pe raza ora\u015fului Rovinari. De asemenea, prim\u0103ria Rovinari se va ocupa \u015fi va asigura toate cheltuielile necesare \u00eenmorm\u00e2nt\u0103rii celor \u015fapte persoane.<\/p>\n<p style=\"text-align: justify;\"><!--more-->Fiecare situa\u0163ie prin care trecem \u00een via\u0163\u0103 ne \u00eenva\u0163\u0103 c\u00e2te o lec\u0163ie. \u00cen urma acestei mari tragedii, v\u0103 sf\u0103tuiesc s\u0103 fi\u0163i responsabili, s\u0103 ave\u0163i grij\u0103 de copii, pentru c\u0103 ei sunt speran\u0163a \u015fi viitorul nostru, iar ori de c\u00e2te ori \u00eent\u00e2mpina\u0163i greut\u0103\u0163i, s\u0103 \u00eemi solicita\u0163i ajutorul, pentru c\u0103 \u00eentotdeauna am fost \u015fi voi fi al\u0103turi de dumneavoastr\u0103, iar \u00eempreun\u0103 g\u0103sim mereu solu\u0163ii pentru rezolvarea tuturor problemelor.<\/p>\n<p style=\"text-align: justify;\">Transmit sincere condolean\u0163e familiei \u00eendoliate \u015fi tuturor celor care le-au fost aproape! Sunt al\u0103turi de cei care au suferit aceast\u0103 dureroas\u0103 pierdere \u015fi \u00eemi exprim profunda compasiune pentru familia victimelor.<\/p>\n<p style=\"text-align: center;\">Dumnezeu s\u0103-i odihneasc\u0103 \u00een pace!<\/p>\n","protected":false},"excerpt":{"rendered":"<p>Cu mare durere am aflat despre stingerea din via\u0163\u0103 a celor \u015fapte persoane, \u00een cumplitul eveniment petrecut luni \u00een ora\u015ful nostru. Este un moment trist pentru ora\u015ful nostru, pentru rovin\u0103reni \u015fi pentru mine personal. \u015ease copii, \u00eempreun\u0103 cu tat\u0103l lor, au fost g\u0103si\u0163i deceda\u0163i \u00een garsoniera unde locuiau. Acest lucru s-a \u00eent\u00e2mplat din cauza intoxica\u0163iei [&hellip;]<\/p>\n","protected":false},"author":1001008,"featured_media":0,"comment_status":"open","ping_status":"open","sticky":false,"template":"","format":"standard","meta":{"ngg_post_thumbnail":0,"footnotes":""},"categories":[3],"tags":[578],"class_list":["post-7669","post","type-post","status-publish","format-standard","hentry","category-comunicate-de-presa","tag-zi-de-doliu"],"_links":{"self":[{"href":"https:\/\/primariarovinari.ro\/old\/wp-json\/wp\/v2\/posts\/7669","targetHints":{"allow":["GET"]}}],"collection":[{"href":"https:\/\/primariarovinari.ro\/old\/wp-json\/wp\/v2\/posts"}],"about":[{"href":"https:\/\/primariarovinari.ro\/old\/wp-json\/wp\/v2\/types\/post"}],"author":[{"embeddable":true,"href":"https:\/\/primariarovinari.ro\/old\/wp-json\/wp\/v2\/users\/1001008"}],"replies":[{"embeddable":true,"href":"https:\/\/primariarovinari.ro\/old\/wp-json\/wp\/v2\/comments?post=7669"}],"version-history":[{"count":0,"href":"https:\/\/primariarovinari.ro\/old\/wp-json\/wp\/v2\/posts\/7669\/revisions"}],"wp:attachment":[{"href":"https:\/\/primariarovinari.ro\/old\/wp-json\/wp\/v2\/media?parent=7669"}],"wp:term":[{"taxonomy":"category","embeddable":true,"href":"https:\/\/primariarovinari.ro\/old\/wp-json\/wp\/v2\/categories?post=7669"},{"taxonomy":"post_tag","embeddable":true,"href":"https:\/\/primariarovinari.ro\/old\/wp-json\/wp\/v2\/tags?post=7669"}],"curies":[{"name":"wp","href":"https:\/\/api.w.org\/{rel}","templated":true}]}}