{"id":7588,"date":"2014-12-09T12:46:29","date_gmt":"2014-12-09T10:46:29","guid":{"rendered":"http:\/\/www.primariarovinari.ro\/?p=7588"},"modified":"2014-12-10T09:10:26","modified_gmt":"2014-12-10T07:10:26","slug":"la-multi-ani-rovinari-9-decembrie-ziua-orasului-nostru-33-de-ani-de-existenta","status":"publish","type":"post","link":"https:\/\/primariarovinari.ro\/old\/2014\/12\/la-multi-ani-rovinari-9-decembrie-ziua-orasului-nostru-33-de-ani-de-existenta\/","title":{"rendered":"LA MUL\u0162I ANI ROVINARI! 9 decembrie, ziua ora\u015fului nostru &#8211; 33 de ani de existen\u0163\u0103"},"content":{"rendered":"<p style=\"text-align: justify;\"><a href=\"http:\/\/www.primariarovinari.ro\/wp-content\/uploads\/2014\/12\/rovinari.jpg\"><img loading=\"lazy\" decoding=\"async\" class=\"alignright size-medium wp-image-7603\" style=\"margin-top: 5px; margin-bottom: 5px;\" title=\"rovinari\" src=\"http:\/\/www.primariarovinari.ro\/wp-content\/uploads\/2014\/12\/rovinari-203x300.jpg\" alt=\"\" width=\"203\" height=\"300\" srcset=\"https:\/\/primariarovinari.ro\/old\/wp-content\/uploads\/2014\/12\/rovinari-203x300.jpg 203w, https:\/\/primariarovinari.ro\/old\/wp-content\/uploads\/2014\/12\/rovinari-693x1024.jpg 693w, https:\/\/primariarovinari.ro\/old\/wp-content\/uploads\/2014\/12\/rovinari.jpg 1024w\" sizes=\"auto, (max-width: 203px) 100vw, 203px\" \/><\/a>Pe 9 decembrie 1981, prin Decretul Consiliului de Stat nr. 366 se \u00eenfiin\u0163a Ora\u015ful Rovinari, fiind cel mai nou \u015fi mai t\u00e2n\u0103r ora\u015f ap\u0103rut pe harta \u0163\u0103rii. Dup\u0103 33 de ani de la aceast\u0103 dat\u0103 (o v\u00e2rst\u0103 &#8222;invidiat\u0103&#8221; de foarte mul\u0163i), Rovinariul r\u0103m\u00e2ne un ora\u015f t\u00e2n\u0103r at\u00e2t datorit\u0103 v\u00e2rstei sale, dar \u015fi a mediei de v\u00e2rst\u0103 a locuitorilor s\u0103i, de 36 ani.<\/p>\n<p style=\"text-align: justify;\">Pu\u0163ini \u015ftiu, faptul c\u0103, ini\u0163ial, Rovinari a fost sat \u00een Comuna B\u00eelteni, ora\u015ful ca unitate administrativ-teritorial\u0103 distinct\u0103 form\u00e2ndu-se pe por\u0163iuni din teritoriul celor \u015fase comune \u00eenvecinate: B\u00eelteni, F\u0103rc\u0103\u015fe\u015fti, C\u00eelnic, Tele\u015fti, B\u0103le\u015fti, Dr\u0103gu\u0163e\u015fti.<\/p>\n<p style=\"text-align: justify;\">A\u015fezarea uman\u0103 a luat na\u015ftere mai mult for\u0163at, datorit\u0103 z\u0103c\u0103mintelor foarte \u00eensemnate de c\u0103rbune &#8211; lignit, av\u00e2nd un profil industrial, fiind foarte cunoscute cele dou\u0103 laturi ale sale: energetic\u0103 \u015fi extractiv\u0103, \u00een jurul c\u0103rora s-a concentrat existen\u0163a acestui ora\u015f.<\/p>\n<p style=\"text-align: justify;\"><!--more-->\u00cencep\u00e2nd cu anul 2000, Ora\u015ful Rovinari s-a transformat din ora\u015ful \u00een care se pleac\u0103, \u00een ora\u015ful \u00een care se vine, maturizarea acestuia v\u0103z\u00e2ndu-se de la un an, la altul, fapt ce a determinat ca la 1 ianuarie 2014 popula\u0163ia stabil\u0103 a acestuia s\u0103 numere 13.260 locuitori, fiind a treia localitate din Jude\u0163ul Gorj raportat la num\u0103rul de locuitori, dup\u0103 Municipiile T\u00eergu-Jiu \u015fi Motru.<\/p>\n<p style=\"text-align: justify;\">Dac\u0103 privim \u00een urm\u0103, observ\u0103m c\u0103 \u00een ora\u015ful nostru s-au f\u0103cut multe, dac\u0103 ne uit\u0103m \u00eenainte, realizam c\u0103 mai sunt multe de f\u0103cut. De ziua lui, ne dorim s\u0103 \u00eenv\u0103\u0163\u0103m s\u0103 ne iubim mai mult ora\u015ful \u015fi s\u0103 \u00eencerc\u0103m s\u0103 p\u0103str\u0103m mai mult, ceea ce se construie\u015fte bun, \u00een acest ora\u015f.<\/p>\n<p style=\"text-align: center;\">La mul\u0163i ani Rovinari ! la mul\u0163i ani rovin\u0103reni !<\/p>\n","protected":false},"excerpt":{"rendered":"<p>Pe 9 decembrie 1981, prin Decretul Consiliului de Stat nr. 366 se \u00eenfiin\u0163a Ora\u015ful Rovinari, fiind cel mai nou \u015fi mai t\u00e2n\u0103r ora\u015f ap\u0103rut pe harta \u0163\u0103rii. Dup\u0103 33 de ani de la aceast\u0103 dat\u0103 (o v\u00e2rst\u0103 &#8222;invidiat\u0103&#8221; de foarte mul\u0163i), Rovinariul r\u0103m\u00e2ne un ora\u015f t\u00e2n\u0103r at\u00e2t datorit\u0103 v\u00e2rstei sale, dar \u015fi a mediei de [&hellip;]<\/p>\n","protected":false},"author":1001008,"featured_media":0,"comment_status":"open","ping_status":"open","sticky":false,"template":"","format":"standard","meta":{"ngg_post_thumbnail":0,"footnotes":""},"categories":[3],"tags":[67,15],"class_list":["post-7588","post","type-post","status-publish","format-standard","hentry","category-comunicate-de-presa","tag-aniversare","tag-rovinari"],"_links":{"self":[{"href":"https:\/\/primariarovinari.ro\/old\/wp-json\/wp\/v2\/posts\/7588","targetHints":{"allow":["GET"]}}],"collection":[{"href":"https:\/\/primariarovinari.ro\/old\/wp-json\/wp\/v2\/posts"}],"about":[{"href":"https:\/\/primariarovinari.ro\/old\/wp-json\/wp\/v2\/types\/post"}],"author":[{"embeddable":true,"href":"https:\/\/primariarovinari.ro\/old\/wp-json\/wp\/v2\/users\/1001008"}],"replies":[{"embeddable":true,"href":"https:\/\/primariarovinari.ro\/old\/wp-json\/wp\/v2\/comments?post=7588"}],"version-history":[{"count":0,"href":"https:\/\/primariarovinari.ro\/old\/wp-json\/wp\/v2\/posts\/7588\/revisions"}],"wp:attachment":[{"href":"https:\/\/primariarovinari.ro\/old\/wp-json\/wp\/v2\/media?parent=7588"}],"wp:term":[{"taxonomy":"category","embeddable":true,"href":"https:\/\/primariarovinari.ro\/old\/wp-json\/wp\/v2\/categories?post=7588"},{"taxonomy":"post_tag","embeddable":true,"href":"https:\/\/primariarovinari.ro\/old\/wp-json\/wp\/v2\/tags?post=7588"}],"curies":[{"name":"wp","href":"https:\/\/api.w.org\/{rel}","templated":true}]}}