{"id":7462,"date":"2014-09-08T10:36:46","date_gmt":"2014-09-08T08:36:46","guid":{"rendered":"http:\/\/www.primariarovinari.ro\/?p=7462"},"modified":"2014-09-08T10:37:20","modified_gmt":"2014-09-08T08:37:20","slug":"persoanele-interesate-pot-depune-cereri-pentru-presedintia-sectiilor-de-votare","status":"publish","type":"post","link":"https:\/\/primariarovinari.ro\/old\/2014\/09\/persoanele-interesate-pot-depune-cereri-pentru-presedintia-sectiilor-de-votare\/","title":{"rendered":"Persoanele interesate pot depune cereri pentru pre\u015fedin\u0163ia sec\u0163iilor de votare"},"content":{"rendered":"<p style=\"text-align: justify;\"><a href=\"http:\/\/www.primariarovinari.ro\/wp-content\/uploads\/2014\/09\/alegeri-prezidentiale.jpg\"><img loading=\"lazy\" decoding=\"async\" class=\"alignright size-full wp-image-7465\" title=\"alegeri prezidentiale\" src=\"http:\/\/www.primariarovinari.ro\/wp-content\/uploads\/2014\/09\/alegeri-prezidentiale.jpg\" alt=\"\" width=\"293\" height=\"172\" \/><\/a>\u00cencep\u00e2nd de azi \u015fi p\u00e2n\u0103 pe 30.09.2014, persoanele interesate s\u0103 fie \u00eenscrise \u00een lista cu juri\u015fti \u015fi alte persoane cu o reputa\u0163ie bun\u0103 \u00een localitate, din r\u00e2ndul c\u0103rora vor fi desemna\u0163i pre\u015fedin\u0163ii sec\u0163iilor de votare, constituite pentru alegerea Pre\u015fedintelui Rom\u00e2niei din anul 2014, precum \u015fi loc\u0163iitorii acestora, pot depune \u00een acest sens, o singur\u0103 cerere de \u00eenscriere, la Institu\u0163ia Prefectului &#8211; Jude\u0163ului Gorj, sau la sediul prim\u0103riei unit\u0103\u0163ii administrativ teritoriale pe raza c\u0103reia \u00ee\u015fi au domiciliul, \u00eenso\u0163it\u0103 de c\u00e2te o copie a actului de identitate \u015fi a actului din care s\u0103 reias\u0103 studiile absolvite.<\/p>\n<p style=\"text-align: justify;\">Cererile \u00een format tipizat se pot ob\u0163ine de la Institu\u0163ia Prefectului &#8211; Jude\u0163ul Gorj (camera nr. 120), de la sediile prim\u0103riilor, sau pot fi desc\u0103rcate acces\u00e2nd linck-ul: <a href=\"http:\/\/www.prefecturagorj.ro\/alegeripresedinte2014.html\" target=\"_blank\">http:\/\/www.prefecturagorj.ro\/alegeripresedinte2014.html<\/a><\/p>\n","protected":false},"excerpt":{"rendered":"<p>\u00cencep\u00e2nd de azi \u015fi p\u00e2n\u0103 pe 30.09.2014, persoanele interesate s\u0103 fie \u00eenscrise \u00een lista cu juri\u015fti \u015fi alte persoane cu o reputa\u0163ie bun\u0103 \u00een localitate, din r\u00e2ndul c\u0103rora vor fi desemna\u0163i pre\u015fedin\u0163ii sec\u0163iilor de votare, constituite pentru alegerea Pre\u015fedintelui Rom\u00e2niei din anul 2014, precum \u015fi loc\u0163iitorii acestora, pot depune \u00een acest sens, o singur\u0103 cerere [&hellip;]<\/p>\n","protected":false},"author":1001008,"featured_media":0,"comment_status":"open","ping_status":"open","sticky":false,"template":"","format":"standard","meta":{"ngg_post_thumbnail":0,"footnotes":""},"categories":[9],"tags":[569],"class_list":["post-7462","post","type-post","status-publish","format-standard","hentry","category-anunturi","tag-alegeri-prezidentiale"],"_links":{"self":[{"href":"https:\/\/primariarovinari.ro\/old\/wp-json\/wp\/v2\/posts\/7462","targetHints":{"allow":["GET"]}}],"collection":[{"href":"https:\/\/primariarovinari.ro\/old\/wp-json\/wp\/v2\/posts"}],"about":[{"href":"https:\/\/primariarovinari.ro\/old\/wp-json\/wp\/v2\/types\/post"}],"author":[{"embeddable":true,"href":"https:\/\/primariarovinari.ro\/old\/wp-json\/wp\/v2\/users\/1001008"}],"replies":[{"embeddable":true,"href":"https:\/\/primariarovinari.ro\/old\/wp-json\/wp\/v2\/comments?post=7462"}],"version-history":[{"count":0,"href":"https:\/\/primariarovinari.ro\/old\/wp-json\/wp\/v2\/posts\/7462\/revisions"}],"wp:attachment":[{"href":"https:\/\/primariarovinari.ro\/old\/wp-json\/wp\/v2\/media?parent=7462"}],"wp:term":[{"taxonomy":"category","embeddable":true,"href":"https:\/\/primariarovinari.ro\/old\/wp-json\/wp\/v2\/categories?post=7462"},{"taxonomy":"post_tag","embeddable":true,"href":"https:\/\/primariarovinari.ro\/old\/wp-json\/wp\/v2\/tags?post=7462"}],"curies":[{"name":"wp","href":"https:\/\/api.w.org\/{rel}","templated":true}]}}