{"id":7428,"date":"2014-08-26T14:00:39","date_gmt":"2014-08-26T12:00:39","guid":{"rendered":"http:\/\/www.primariarovinari.ro\/?p=7428"},"modified":"2014-08-26T14:02:50","modified_gmt":"2014-08-26T12:02:50","slug":"elevii-din-rovinari-s-au-intors-din-tabara-scolara-de-la-navodari","status":"publish","type":"post","link":"https:\/\/primariarovinari.ro\/old\/2014\/08\/elevii-din-rovinari-s-au-intors-din-tabara-scolara-de-la-navodari\/","title":{"rendered":"Elevii din Rovinari s-au \u00eentors din tab\u0103ra \u015fcolar\u0103 de la N\u0103vodari"},"content":{"rendered":"<p style=\"text-align: justify;\"><a href=\"http:\/\/www.primariarovinari.ro\/wp-content\/uploads\/2014\/08\/tabaraelevi-3.jpg\"><img loading=\"lazy\" decoding=\"async\" class=\"alignright size-medium wp-image-7434\" style=\"margin-top: 1px; margin-bottom: 1px;\" title=\"tabaraelevi (3)\" src=\"http:\/\/www.primariarovinari.ro\/wp-content\/uploads\/2014\/08\/tabaraelevi-3-300x200.jpg\" alt=\"\" width=\"300\" height=\"200\" srcset=\"https:\/\/primariarovinari.ro\/old\/wp-content\/uploads\/2014\/08\/tabaraelevi-3-300x200.jpg 300w, https:\/\/primariarovinari.ro\/old\/wp-content\/uploads\/2014\/08\/tabaraelevi-3.jpg 1024w\" sizes=\"auto, (max-width: 300px) 100vw, 300px\" \/><\/a>Ini\u0163iativa domnului Primar Dorin Filip, a str\u00e2ns laolalt\u0103 elevii rovin\u0103reni de excep\u0163ie care au fost r\u0103spl\u0103ti\u0163i pentru meritele lor cu o s\u0103pt\u0103m\u00e2n\u0103 de vis la malul M\u0103rii Negre, \u00een tab\u0103ra \u015fcolar\u0103 N\u0103vodari. Documenta\u0163ia a fost realizat\u0103 de cadrele didactice coordonate de prof. Flitan Alina, de la \u015ecoala Gimnazial\u0103 nr. 1 Rovinari, care s-a ocupat \u00eendeaproape de \u00eentocmirea \u015fi aprobarea dosarelor de c\u0103tre ISJ Gorj.<\/p>\n<p style=\"text-align: justify;\">A\u015fadar, \u00a0al\u0103turi de zece cadre didactice de la \u015fcolile gimnaziale din ora\u015f, nr. 3 \u015fi nr. 1, precum \u015fi de la Colegiul \u201eGheorghe T\u0103t\u0103r\u0103scu\u201d, o sut\u0103 de elevi, al\u0103turi de paisprezece sportivi, \u00a0s-au bucurat de mare, soare \u015fi activit\u0103\u0163i specifice \u00een cadrul taberei, au socializat \u015fi \u015fi-au f\u0103cut prieteni, au admirat r\u0103s\u0103ritul de soare sau apusul la malul marii. Cadrele didactice de la Colegiu \u201eGheorghe T\u0103t\u0103r\u0103scu\u201d, \u00a0\u015fi de la \u015ecoala Gimnazial\u0103 nr. 3 au organizat deplas\u0103ri \u00een Sta\u0163iunea Mamaia unde s-au bucurat de oportunit\u0103\u0163i diverse.<\/p>\n<p style=\"text-align: justify;\"><!--more--><a href=\"http:\/\/www.primariarovinari.ro\/wp-content\/uploads\/2014\/08\/tabaraelevi-4.jpg\"><img loading=\"lazy\" decoding=\"async\" class=\"alignleft size-medium wp-image-7441\" style=\"margin-top: 3px; margin-bottom: 3px;\" title=\"tabaraelevi (4)\" src=\"http:\/\/www.primariarovinari.ro\/wp-content\/uploads\/2014\/08\/tabaraelevi-4-300x200.jpg\" alt=\"\" width=\"300\" height=\"200\" srcset=\"https:\/\/primariarovinari.ro\/old\/wp-content\/uploads\/2014\/08\/tabaraelevi-4-300x200.jpg 300w, https:\/\/primariarovinari.ro\/old\/wp-content\/uploads\/2014\/08\/tabaraelevi-4.jpg 1024w\" sizes=\"auto, (max-width: 300px) 100vw, 300px\" \/><\/a>\u00cen cadrul taberei, elevii de la \u015ecoala Gimnazial\u0103 nr. 1 au participat la concursurile \u015fcolare organizate de doamna coordonatoare a activit\u0103\u0163ilor educative din Tab\u0103ra N\u0103vodari, Mona Calciu, unde au ob\u0163inut \u015fi premii, elevii fiind r\u0103spl\u0103ti\u0163i cu diplome. Tab\u0103ra a oferit elevilor condi\u0163ii bune de mas\u0103 \u015fi de cazare de care elevii au fost mul\u0163umi\u0163i, iar \u00a0\u00een fiecare sear\u0103 a fost organizat\u0103 discotec\u0103 \u00een cadrul loca\u0163iei, astfel \u00eenc\u00e2t distrac\u0163ia a fost omniprezent\u0103.<\/p>\n<p style=\"text-align: justify;\">Trei elevi de la \u015fcolile gimnaziale din ora\u015f si-au s\u0103rb\u0103torit zilele de na\u015ftere pe malul m\u0103rii \u00een mod inedit, al\u0103turi de profesorii lor \u00eenso\u0163itori, Adam Delia, \u015fi Flitan Alina \u015fi de colegii acestora care au fost al\u0103turi de ei. Unii dintre elevi au v\u0103zut marea pentru prima dat\u0103 \u00een via\u0163\u0103 iar momentul a fost tr\u0103it intens de ace\u015ftia, dorindu-\u015fi ca \u00een anul urm\u0103tor s\u0103 \u00eenve\u0163e \u015fi mai bine ca s\u0103 revin\u0103 \u00een tab\u0103r\u0103.<\/p>\n<p style=\"text-align: justify;\">Ne dorim ca aceast\u0103 ini\u0163iativ\u0103 s\u0103 impulsioneaz\u0103 elevii s\u0103 \u00eenve\u0163e \u015fi mai mult, s\u0103 ob\u0163in\u0103 rezultate \u015fi mai bune iar pe viitor s\u0103 participe din nou la aceast\u0103 tab\u0103r\u0103.<\/p>\n<p style=\"text-align: justify;\">\n","protected":false},"excerpt":{"rendered":"<p>Ini\u0163iativa domnului Primar Dorin Filip, a str\u00e2ns laolalt\u0103 elevii rovin\u0103reni de excep\u0163ie care au fost r\u0103spl\u0103ti\u0163i pentru meritele lor cu o s\u0103pt\u0103m\u00e2n\u0103 de vis la malul M\u0103rii Negre, \u00een tab\u0103ra \u015fcolar\u0103 N\u0103vodari. Documenta\u0163ia a fost realizat\u0103 de cadrele didactice coordonate de prof. Flitan Alina, de la \u015ecoala Gimnazial\u0103 nr. 1 Rovinari, care s-a ocupat \u00eendeaproape [&hellip;]<\/p>\n","protected":false},"author":1001008,"featured_media":0,"comment_status":"open","ping_status":"open","sticky":false,"template":"","format":"standard","meta":{"ngg_post_thumbnail":0,"footnotes":""},"categories":[13],"tags":[566],"class_list":["post-7428","post","type-post","status-publish","format-standard","hentry","category-invatamant","tag-tabara-scolara"],"_links":{"self":[{"href":"https:\/\/primariarovinari.ro\/old\/wp-json\/wp\/v2\/posts\/7428","targetHints":{"allow":["GET"]}}],"collection":[{"href":"https:\/\/primariarovinari.ro\/old\/wp-json\/wp\/v2\/posts"}],"about":[{"href":"https:\/\/primariarovinari.ro\/old\/wp-json\/wp\/v2\/types\/post"}],"author":[{"embeddable":true,"href":"https:\/\/primariarovinari.ro\/old\/wp-json\/wp\/v2\/users\/1001008"}],"replies":[{"embeddable":true,"href":"https:\/\/primariarovinari.ro\/old\/wp-json\/wp\/v2\/comments?post=7428"}],"version-history":[{"count":0,"href":"https:\/\/primariarovinari.ro\/old\/wp-json\/wp\/v2\/posts\/7428\/revisions"}],"wp:attachment":[{"href":"https:\/\/primariarovinari.ro\/old\/wp-json\/wp\/v2\/media?parent=7428"}],"wp:term":[{"taxonomy":"category","embeddable":true,"href":"https:\/\/primariarovinari.ro\/old\/wp-json\/wp\/v2\/categories?post=7428"},{"taxonomy":"post_tag","embeddable":true,"href":"https:\/\/primariarovinari.ro\/old\/wp-json\/wp\/v2\/tags?post=7428"}],"curies":[{"name":"wp","href":"https:\/\/api.w.org\/{rel}","templated":true}]}}