{"id":7408,"date":"2014-08-07T14:24:03","date_gmt":"2014-08-07T12:24:03","guid":{"rendered":"http:\/\/www.primariarovinari.ro\/?p=7408"},"modified":"2014-08-07T14:30:56","modified_gmt":"2014-08-07T12:30:56","slug":"primaria-rovinari-si-asociatia-pro-animals-romania-alaturi-de-asociatia-pro-animals-germania-incearca-sa-rezolve-problema-cainilor-comunitari","status":"publish","type":"post","link":"https:\/\/primariarovinari.ro\/old\/2014\/08\/primaria-rovinari-si-asociatia-pro-animals-romania-alaturi-de-asociatia-pro-animals-germania-incearca-sa-rezolve-problema-cainilor-comunitari\/","title":{"rendered":"Prim\u0103ria Rovinari \u015fi Asocia\u0163ia Pro Animals Rom\u00e2nia, al\u0103turi de Asocia\u0163ia Pro Animals Germania \u00eencearc\u0103 s\u0103 rezolve problema c\u00e2inilor comunitari"},"content":{"rendered":"<p style=\"text-align: justify;\"><a href=\"http:\/\/youtu.be\/e5ZSdsgGRSc\"><img loading=\"lazy\" decoding=\"async\" class=\"alignright size-medium wp-image-7411\" style=\"margin-top: 5px; margin-bottom: 5px;\" title=\"pro animals (3)\" src=\"http:\/\/www.primariarovinari.ro\/wp-content\/uploads\/2014\/08\/pro-animals-3-300x200.jpg\" alt=\"\" width=\"300\" height=\"200\" srcset=\"https:\/\/primariarovinari.ro\/old\/wp-content\/uploads\/2014\/08\/pro-animals-3-300x200.jpg 300w, https:\/\/primariarovinari.ro\/old\/wp-content\/uploads\/2014\/08\/pro-animals-3.jpg 1024w\" sizes=\"auto, (max-width: 300px) 100vw, 300px\" \/><\/a>\u00cen aceast\u0103 dup\u0103 amiaz\u0103, \u00een Ora\u015ful Rovinari, a sosit o delega\u0163ie de 4 persoane de la Asocia\u0163ia Pro Animals Germania care, al\u0103turi de, Dr. Ing.\u00a0Carmena \u015eerb\u0103noiu Pre\u015fedinte Pro Animal Rom\u00e2nia s-au \u00eent\u00e2lnit cu factorii de conducere ai administra\u0163iei locale \u00a0pentru a discuta rezolvarea problemei c\u00e2inilor comunitari.<\/p>\n<p style=\"text-align: justify;\">Reprezentan\u0163ii asocia\u0163iilor care ap\u0103r\u0103 drepturile animalelor au vizitat locul unde se afl\u0103 ad\u0103posturile c\u00e2inilor \u015fi au discutat \u00eencheierea unui parteneriat \u00eentre administra\u0163ie \u015fi cele dou\u0103 asocia\u0163ii, care s\u0103 fie benefic at\u00e2t pentru cet\u0103\u0163eni \u015fi administra\u0163ie, dar \u015fi pentru c\u00e2ini.<\/p>\n<p style=\"text-align: justify;\"><!--more-->Cele dou\u0103 organiza\u0163ii non-guvernamentale s-au bucurat de toat\u0103 deschiderea din partea conducerii Prim\u0103riei Rovinari \u00een rezolvarea acestei probleme destul de stringent\u0103 \u00een ultimul timp. Nem\u0163ii au fost \u00eenc\u00e2nta\u0163i \u015fi de infrastructura creat\u0103 \u00een curtea fostului t\u00e2rg s\u0103pt\u0103m\u00e2nal (ad\u0103posturi, utilit\u0103\u0163i: ap\u0103, curent, canalizare).<\/p>\n<p style=\"text-align: justify;\">Prim\u0103ria Rovinari este dispus\u0103 s\u0103 fac\u0103 toate demersurile tocmai pentru ca proiectul s\u0103 nu r\u0103m\u00e2n\u0103 la stadiul de discu\u0163ii, ci concretizarea acestuia \u00eentr-un parteneriat.<\/p>\n<p style=\"text-align: justify;\">ngg_shortcode_0_placeholder<\/p>\n","protected":false},"excerpt":{"rendered":"<p>\u00cen aceast\u0103 dup\u0103 amiaz\u0103, \u00een Ora\u015ful Rovinari, a sosit o delega\u0163ie de 4 persoane de la Asocia\u0163ia Pro Animals Germania care, al\u0103turi de, Dr. Ing.\u00a0Carmena \u015eerb\u0103noiu Pre\u015fedinte Pro Animal Rom\u00e2nia s-au \u00eent\u00e2lnit cu factorii de conducere ai administra\u0163iei locale \u00a0pentru a discuta rezolvarea problemei c\u00e2inilor comunitari. Reprezentan\u0163ii asocia\u0163iilor care ap\u0103r\u0103 drepturile animalelor au vizitat locul [&hellip;]<\/p>\n","protected":false},"author":1001008,"featured_media":0,"comment_status":"open","ping_status":"open","sticky":false,"template":"","format":"standard","meta":{"ngg_post_thumbnail":0,"footnotes":""},"categories":[4],"tags":[48,565],"class_list":["post-7408","post","type-post","status-publish","format-standard","hentry","category-informatii-locale","tag-caini-comunitari","tag-pro-animals"],"_links":{"self":[{"href":"https:\/\/primariarovinari.ro\/old\/wp-json\/wp\/v2\/posts\/7408","targetHints":{"allow":["GET"]}}],"collection":[{"href":"https:\/\/primariarovinari.ro\/old\/wp-json\/wp\/v2\/posts"}],"about":[{"href":"https:\/\/primariarovinari.ro\/old\/wp-json\/wp\/v2\/types\/post"}],"author":[{"embeddable":true,"href":"https:\/\/primariarovinari.ro\/old\/wp-json\/wp\/v2\/users\/1001008"}],"replies":[{"embeddable":true,"href":"https:\/\/primariarovinari.ro\/old\/wp-json\/wp\/v2\/comments?post=7408"}],"version-history":[{"count":0,"href":"https:\/\/primariarovinari.ro\/old\/wp-json\/wp\/v2\/posts\/7408\/revisions"}],"wp:attachment":[{"href":"https:\/\/primariarovinari.ro\/old\/wp-json\/wp\/v2\/media?parent=7408"}],"wp:term":[{"taxonomy":"category","embeddable":true,"href":"https:\/\/primariarovinari.ro\/old\/wp-json\/wp\/v2\/categories?post=7408"},{"taxonomy":"post_tag","embeddable":true,"href":"https:\/\/primariarovinari.ro\/old\/wp-json\/wp\/v2\/tags?post=7408"}],"curies":[{"name":"wp","href":"https:\/\/api.w.org\/{rel}","templated":true}]}}