{"id":7278,"date":"2014-06-05T11:48:48","date_gmt":"2014-06-05T09:48:48","guid":{"rendered":"http:\/\/www.primariarovinari.ro\/?p=7278"},"modified":"2014-06-05T13:32:59","modified_gmt":"2014-06-05T11:32:59","slug":"ziua-mediului-marcata-cu-actini-antipoluare-de-prescolarii-din-rovinari","status":"publish","type":"post","link":"https:\/\/primariarovinari.ro\/old\/2014\/06\/ziua-mediului-marcata-cu-actini-antipoluare-de-prescolarii-din-rovinari\/","title":{"rendered":"Ziua Mediului marcat\u0103 cu ac\u0163ini antipoluare de pre\u015fcolarii din Rovinari"},"content":{"rendered":"<p style=\"text-align: justify;\"><a href=\"http:\/\/youtu.be\/1O6J30wyphM\" target=\"_blank\"><img loading=\"lazy\" decoding=\"async\" class=\"alignright size-medium wp-image-7279\" style=\"margin-top: 5px; margin-bottom: 5px;\" title=\"ziua mediului (6)\" src=\"http:\/\/www.primariarovinari.ro\/wp-content\/uploads\/2014\/06\/ziua-mediului-6-300x200.jpg\" alt=\"\" width=\"300\" height=\"200\" srcset=\"https:\/\/primariarovinari.ro\/old\/wp-content\/uploads\/2014\/06\/ziua-mediului-6-300x200.jpg 300w, https:\/\/primariarovinari.ro\/old\/wp-content\/uploads\/2014\/06\/ziua-mediului-6.jpg 1024w\" sizes=\"auto, (max-width: 300px) 100vw, 300px\" \/><\/a>Ziua Mondial\u0103 a Mediului a fost marcat\u0103 \u015fi de pre\u015fcolarii din Ora\u015ful Rovinari. Ace\u015ftia, al\u0103turi de \u00eenv\u0103\u0163\u0103tori au m\u0103r\u015f\u0103luit pe str\u0103zile ora\u015fului protest\u00e2nd \u00eempotriva polu\u0103rii. Printre cele mai auzite lozinci au fost: &#8222;Vrem un mediu s\u0103n\u0103tos, n-arunca\u0163i h\u00e2rtii pe jos&#8221;, dar \u015fi &#8222;Noi vrem apele curate, parcuri, p\u0103duri protejate&#8221;.<\/p>\n<p style=\"text-align: justify;\">Protestul pre\u015fcolarilor s-a \u00eencheiat \u00een fa\u0163a Prim\u0103riei Rovinari unde, primarul Dorin Filip a stat de vorb\u0103 cu cei mici, a primit materiale antipoluare de la micii ecologi\u015fti, mul\u0163umindu-le &#8222;gr\u0103dinarilor&#8221; c\u0103 \u00een fiecare an ac\u0163ioneaz\u0103 pentru un mediu s\u0103n\u0103tos.<\/p>\n<p style=\"text-align: justify;\"><!--more-->ngg_shortcode_0_placeholder<\/p>\n","protected":false},"excerpt":{"rendered":"<p>Ziua Mondial\u0103 a Mediului a fost marcat\u0103 \u015fi de pre\u015fcolarii din Ora\u015ful Rovinari. Ace\u015ftia, al\u0103turi de \u00eenv\u0103\u0163\u0103tori au m\u0103r\u015f\u0103luit pe str\u0103zile ora\u015fului protest\u00e2nd \u00eempotriva polu\u0103rii. Printre cele mai auzite lozinci au fost: &#8222;Vrem un mediu s\u0103n\u0103tos, n-arunca\u0163i h\u00e2rtii pe jos&#8221;, dar \u015fi &#8222;Noi vrem apele curate, parcuri, p\u0103duri protejate&#8221;. Protestul pre\u015fcolarilor s-a \u00eencheiat \u00een fa\u0163a [&hellip;]<\/p>\n","protected":false},"author":1001008,"featured_media":0,"comment_status":"open","ping_status":"open","sticky":false,"template":"","format":"standard","meta":{"ngg_post_thumbnail":0,"footnotes":""},"categories":[4],"tags":[207],"class_list":["post-7278","post","type-post","status-publish","format-standard","hentry","category-informatii-locale","tag-ziua-mediului"],"_links":{"self":[{"href":"https:\/\/primariarovinari.ro\/old\/wp-json\/wp\/v2\/posts\/7278","targetHints":{"allow":["GET"]}}],"collection":[{"href":"https:\/\/primariarovinari.ro\/old\/wp-json\/wp\/v2\/posts"}],"about":[{"href":"https:\/\/primariarovinari.ro\/old\/wp-json\/wp\/v2\/types\/post"}],"author":[{"embeddable":true,"href":"https:\/\/primariarovinari.ro\/old\/wp-json\/wp\/v2\/users\/1001008"}],"replies":[{"embeddable":true,"href":"https:\/\/primariarovinari.ro\/old\/wp-json\/wp\/v2\/comments?post=7278"}],"version-history":[{"count":0,"href":"https:\/\/primariarovinari.ro\/old\/wp-json\/wp\/v2\/posts\/7278\/revisions"}],"wp:attachment":[{"href":"https:\/\/primariarovinari.ro\/old\/wp-json\/wp\/v2\/media?parent=7278"}],"wp:term":[{"taxonomy":"category","embeddable":true,"href":"https:\/\/primariarovinari.ro\/old\/wp-json\/wp\/v2\/categories?post=7278"},{"taxonomy":"post_tag","embeddable":true,"href":"https:\/\/primariarovinari.ro\/old\/wp-json\/wp\/v2\/tags?post=7278"}],"curies":[{"name":"wp","href":"https:\/\/api.w.org\/{rel}","templated":true}]}}