{"id":7268,"date":"2014-06-05T09:50:47","date_gmt":"2014-06-05T07:50:47","guid":{"rendered":"http:\/\/www.primariarovinari.ro\/?p=7268"},"modified":"2014-06-05T09:54:10","modified_gmt":"2014-06-05T07:54:10","slug":"primaria-rovinari-anunta-deratizarea-si-dezinsectia-spatiilor-verzi","status":"publish","type":"post","link":"https:\/\/primariarovinari.ro\/old\/2014\/06\/primaria-rovinari-anunta-deratizarea-si-dezinsectia-spatiilor-verzi\/","title":{"rendered":"Prim\u0103ria Rovinari anun\u0163\u0103 deratizarea \u015fi dezinsec\u0163ia spa\u0163iilor verzi"},"content":{"rendered":"<p style=\"text-align: justify;\"><a href=\"http:\/\/www.primariarovinari.ro\/wp-content\/uploads\/2014\/06\/albine.jpg\"><img loading=\"lazy\" decoding=\"async\" class=\"alignright size-medium wp-image-7270\" title=\"albine\" src=\"http:\/\/www.primariarovinari.ro\/wp-content\/uploads\/2014\/06\/albine-300x201.jpg\" alt=\"\" width=\"300\" height=\"201\" srcset=\"https:\/\/primariarovinari.ro\/old\/wp-content\/uploads\/2014\/06\/albine-300x201.jpg 300w, https:\/\/primariarovinari.ro\/old\/wp-content\/uploads\/2014\/06\/albine.jpg 500w\" sizes=\"auto, (max-width: 300px) 100vw, 300px\" \/><\/a>Prim\u0103ria Rovinari informeaz\u0103 locuitorii Ora\u015fului Rovinari \u015fi de\u0163in\u0103torii de albine de pe raza ora\u015fului c\u0103, \u00eencep\u00e2nd cu data de 07.06.2014 \u2013 15.06.2014 se vor efectua opera\u0163ii privind deratizarea \u015fi dezinsec\u0163ia spa\u0163iilor verzi de pe raza Ora\u015fului Rovinari.<\/p>\n<p style=\"text-align: justify;\">\u00cen acest sens, rug\u0103m to\u0163i de\u0163in\u0103torii de albine afla\u0163i \u00een localitatea noastr\u0103, \u00een perioada precizat\u0103 mai sus, s\u0103-\u015fi ia toate m\u0103surile de protec\u0163ie a, acestora (albinelor).<\/p>\n","protected":false},"excerpt":{"rendered":"<p>Prim\u0103ria Rovinari informeaz\u0103 locuitorii Ora\u015fului Rovinari \u015fi de\u0163in\u0103torii de albine de pe raza ora\u015fului c\u0103, \u00eencep\u00e2nd cu data de 07.06.2014 \u2013 15.06.2014 se vor efectua opera\u0163ii privind deratizarea \u015fi dezinsec\u0163ia spa\u0163iilor verzi de pe raza Ora\u015fului Rovinari. \u00cen acest sens, rug\u0103m to\u0163i de\u0163in\u0103torii de albine afla\u0163i \u00een localitatea noastr\u0103, \u00een perioada precizat\u0103 mai sus, s\u0103-\u015fi [&hellip;]<\/p>\n","protected":false},"author":1001008,"featured_media":0,"comment_status":"open","ping_status":"open","sticky":false,"template":"","format":"standard","meta":{"ngg_post_thumbnail":0,"footnotes":""},"categories":[9],"tags":[256,254],"class_list":["post-7268","post","type-post","status-publish","format-standard","hentry","category-anunturi","tag-deratizare","tag-dezinsectie"],"_links":{"self":[{"href":"https:\/\/primariarovinari.ro\/old\/wp-json\/wp\/v2\/posts\/7268","targetHints":{"allow":["GET"]}}],"collection":[{"href":"https:\/\/primariarovinari.ro\/old\/wp-json\/wp\/v2\/posts"}],"about":[{"href":"https:\/\/primariarovinari.ro\/old\/wp-json\/wp\/v2\/types\/post"}],"author":[{"embeddable":true,"href":"https:\/\/primariarovinari.ro\/old\/wp-json\/wp\/v2\/users\/1001008"}],"replies":[{"embeddable":true,"href":"https:\/\/primariarovinari.ro\/old\/wp-json\/wp\/v2\/comments?post=7268"}],"version-history":[{"count":0,"href":"https:\/\/primariarovinari.ro\/old\/wp-json\/wp\/v2\/posts\/7268\/revisions"}],"wp:attachment":[{"href":"https:\/\/primariarovinari.ro\/old\/wp-json\/wp\/v2\/media?parent=7268"}],"wp:term":[{"taxonomy":"category","embeddable":true,"href":"https:\/\/primariarovinari.ro\/old\/wp-json\/wp\/v2\/categories?post=7268"},{"taxonomy":"post_tag","embeddable":true,"href":"https:\/\/primariarovinari.ro\/old\/wp-json\/wp\/v2\/tags?post=7268"}],"curies":[{"name":"wp","href":"https:\/\/api.w.org\/{rel}","templated":true}]}}