{"id":7255,"date":"2014-05-08T14:20:55","date_gmt":"2014-05-08T12:20:55","guid":{"rendered":"http:\/\/www.primariarovinari.ro\/?p=7255"},"modified":"2014-06-05T11:47:10","modified_gmt":"2014-06-05T09:47:10","slug":"reuniune-de-proiect-in-karaman-turcia-30-04-04-05-2014","status":"publish","type":"post","link":"https:\/\/primariarovinari.ro\/old\/2014\/05\/reuniune-de-proiect-in-karaman-turcia-30-04-04-05-2014\/","title":{"rendered":"Reuniune de proiect \u00een Karaman &#8211; Turcia, 30.04.2014 &#8211; 04.05.2014"},"content":{"rendered":"<p style=\"text-align: justify;\"><a href=\"http:\/\/www.primariarovinari.ro\/wp-content\/uploads\/2014\/05\/mixed-turcia-regio-si-scoala-2014-030_resize.jpg\"><img loading=\"lazy\" decoding=\"async\" class=\"alignright size-medium wp-image-7257\" style=\"margin-top: 5px; margin-bottom: 5px;\" title=\"mixed turcia regio si scoala 2014 030_resize\" src=\"http:\/\/www.primariarovinari.ro\/wp-content\/uploads\/2014\/05\/mixed-turcia-regio-si-scoala-2014-030_resize-300x200.jpg\" alt=\"\" width=\"300\" height=\"200\" srcset=\"https:\/\/primariarovinari.ro\/old\/wp-content\/uploads\/2014\/05\/mixed-turcia-regio-si-scoala-2014-030_resize-300x200.jpg 300w, https:\/\/primariarovinari.ro\/old\/wp-content\/uploads\/2014\/05\/mixed-turcia-regio-si-scoala-2014-030_resize.jpg 1024w\" sizes=\"auto, (max-width: 300px) 100vw, 300px\" \/><\/a>Consiliul local Rovinari implementeaz\u0103, \u00een perioada 1 august 2012 \u2013 31 iulie 2014, activit\u0103\u0163ile parteneriatului Comenius Regio METHODS OF PREVENTING STUDENTS FAILURE, cu sprijinul financiar al Comisiei Europene \u00een cadrul Programului Sectorial Comenius al Programului de \u00cenv\u0103\u0163are pe Tot Parcursul Vie\u0163ii cu un grant in valoare de 29.037 euro \u015fi o cofinan\u0163are de 3.012 euro, limba de lucru si de comunicare a proiectului fiind limba englez\u0103.<\/p>\n<p style=\"text-align: justify;\">Reprezentan\u0163ii institu\u0163iilor partenere au desf\u0103\u015furat activit\u0103\u0163i locale \u015fi s-au \u00eent\u00e2lnit \u00een cadrul celor 2 reuniuni de proiect prev\u0103zute pentru fiecare partener:<br \/>\n<!--more-->&#8211; Regio 1 (Institu\u0163ia coordonatoare: KARAMAN IL MILLI EGITIM MUDURLUGU, institu\u0163ii partenere: GAZI MUSTAFA KEMAL OLKOGRETIM OKULU, KARAMAN \u00a0EGITIM GONULLULERI DERNEGI) \u015fi<br \/>\n&#8211; Regio 2 (Institu\u0163ia coordonatoare: CONSILIUL LOCAL ROVINARI, institu\u0163ii partenere: \u015eCOALA GIMNAZIAL\u0102 NR. 3 ROVINARI, COLEGIUL GHEORGHE T\u0102T\u0102RESCU \u00a0ROVINARI, ASOCIA\u0162IA P\u0102RIN\u0162ILOR DE LA \u015eCOALA 3 ROVINARI).<\/p>\n<p style=\"text-align: justify;\">\u00cen perioada 30.04 &#8211; 04.05.2014 s-a desf\u0103\u015furat \u00een Karaman, cea de a doua reuniune de proiect in Turcia, la care au participat 11 reprezentan\u0163i din institu\u0163iile partenere din Rom\u00e2nia. Obiectivele acestei reuniuni de proiect au fost:<br \/>\n&#8211; Cunoa\u015fterea institu\u0163iilor partenere implicate \u00een proiect,<br \/>\n&#8211; Schimb de idei, informa\u0163ii, bune practici privind predarea limbilor str\u0103ine \u015fi TIC,<br \/>\n&#8211; \u00cent\u00e2lniri \u00eentre autorit\u0103\u0163i, elevi, cadre didactice, p\u0103rin\u0163i pentru a \u00eemp\u0103rt\u0103\u015fi puncte de vedere din sfera educa\u0163iei,<br \/>\n&#8211; Schimb de idei \u015fi informa\u0163ii privind problemele educa\u0163iei la nivel european \u015fi identificarea de solu\u0163ii,<br \/>\n&#8211; Impactul colabor\u0103rilor europene \u015fi al form\u0103rii continue,<br \/>\n&#8211; Discu\u0163ii privind activit\u0103\u0163ile ce urmeaz\u0103 s\u0103 fie desf\u0103\u015furate \u015fi produsele finale ale proiectului,<br \/>\n&#8211; Promovarea multilingvismului, toleran\u0163ei \u015fi promovarea elementelor de cultur\u0103 na\u0163ional\u0103<\/p>\n<p style=\"text-align: justify;\">Conform invita\u0163iei \u015fi programului oficial, \u00een cadrul acestei reuniuni de proiect:<br \/>\n&#8211; s-a vizitat institu\u0163ia Karaman Provincial National Education Directorate, unde dl. director Asim Sultanoglu a subliniat impactul schimbului de bune practici \u00een domeniul pred\u0103rii limbilor str\u0103ine, c\u00e2t \u015fi cel cultural \u00een cadrul proiectelor europene;<br \/>\n&#8211; d ra coordonator a adus \u00een discu\u0163ie avantajele proiectul Fatih, partenerii turci oferind informa\u0163ii suplimentare (tabletele pentru elevi \u015fi cadrele didactice fiind primite de la minister \u00een mod gratuit, cu riscul folosirii excesive a tabletelor \u00een detrimentul cititului)<br \/>\n&#8211; din partea delega\u0163iei rom\u00e2ne, s-a propus \u00eenfr\u0103\u0163irea celor dou\u0103 ora\u015fe, urm\u00e2nd ca cei doi coordonatori s\u0103 se documenteze \u00een vederea semn\u0103rii acordului;<br \/>\n&#8211; la \u00eent\u00e2lnire au participat \u015fi domnii Ibrahim Taser, Mucahit Cinar, Abdurrahman Kurt (department chief); \u00a0care au adus \u00een discu\u0163ie aspecte comune celor dou\u0103 popoare (trecut comun, cuvinte comune, feluri de m\u00e2ncare asem\u0103n\u0103toare etc)<br \/>\n&#8211; s-a asistat la lec\u0163ii (limba engleza, clasa a XI-a, tema Present Simple \u015fi geografie, clasa a IX-a, tema Elemente de geografie local\u0103, la ABDULLAH TAYYAR ANADOLU LISESI, unde au fost urm\u0103rite secven\u0163e de lec\u0163ie \u00een care s-au folosit \u00a0planul de lec\u0163ie electronic, materiale didactice \u00een format electronic din cadrul proiectului Fatih, s-au realizat compara\u0163ii \u00eentre manualele \u015fi workbook-urile elevilor \u015fi au avut loc activit\u0103\u0163i de socializare cu elevii, cadrele \u00a0didactice \u015fi directori)<br \/>\n&#8211; s-au discutat detalii ale produselor finale (cartea final\u0103 \u2013 discursuri ale reprezentan\u0163ilor institu\u0163iilor partenere, fotografii din timpul activit\u0103\u0163ilor desf\u0103\u015furate etc; booklet, website)<br \/>\n&#8211; s-au realizat vizite \u00een familii \u015fi seri interculturale, c\u00e2nd au fost descoperite tradi\u0163ii ale poporului turc (feluri de m\u00e2ncare tradi\u0163ional\u0103, tradi\u0163ionalul ceai, dulciuri turce\u015fti: baclava, lokum, kunefe \u00a0etc) \u015fi s-au realizat compara\u0163ii;<br \/>\n&#8211; s-au organizat vizite educa\u0163ionale \u00een vederea realiz\u0103rii obiectivelor proiectului: Catalhuyuk, muzeul Mevlana, Taskale tour, Cappadocia tour.<\/p>\n<p style=\"text-align: justify;\">\u00cen plus pe l\u00e2ng\u0103 atingerea acestor obiective, s-au schimbat informa\u0163ii despre sistemul de \u00eenv\u0103\u0163\u0103m\u00e2nt din cele 2 \u0163\u0103ri, despre proiectele educa\u0163ionale cu parteneri din cele 2 \u0163\u0103ri, \u00a0\u015fi s-au \u00a0stabilit contacte \u015fi ini\u0163iative pentru colabor\u0103ri \u00een cadrul noului program Erasmus + (sport \u015fi tineret).<\/p>\n<p style=\"text-align: justify;\">Cei doi coordonatori au pus la punct:<br \/>\n&#8211; detalii ale activit\u0103\u0163ilor ce urmeaz\u0103 a se desf\u0103\u015fura \u00een cadrul proiectului (activit\u0103\u0163i de design ale produselor finale, activit\u0103\u0163i de diseminare);<br \/>\n&#8211; aspecte legate de reuniunea de proiect final\u0103 din Karaman, Turcia;<\/p>\n<p style=\"text-align: justify;\">Partenerii turci au propus luna iulie pentru desf\u0103\u015furarea ultimei \u00eent\u00e2lniri de lucru \u00een vederea realiz\u0103rii num\u0103rului minim de mobilit\u0103\u0163i prev\u0103zut de proiect c\u00e2nd se va redacta partea comun\u0103 din raportul final \u015fi se vor \u00eenc\u0103rca produsele finale \u00een baza de date EST.<\/p>\n<p style=\"text-align: justify;\">Informa\u0163ii \u015fi fotografii:<br \/>\nhttps:\/\/www.facebook.com\/groups\/221446811333001\/<br \/>\nMaterial realizat cu sprijinul financiar al Comisiei Europene.<br \/>\nAceast\u0103 publica\u0163ie reflect\u0103 numai punctul de vedere al autorului \u015fi Comisia European\u0103 nu este responsabil\u0103 pentru eventuala utilizare a informa\u0163iilor pe care le con\u0163ine.<br \/>\nCoordonator proiect: \u00a0prof. Gheorghi\u0163\u0103 Laura<\/p>\n<p><span style=\"text-align: center;\">ngg_shortcode_0_placeholder<\/span><\/p>\n","protected":false},"excerpt":{"rendered":"<p>Consiliul local Rovinari implementeaz\u0103, \u00een perioada 1 august 2012 \u2013 31 iulie 2014, activit\u0103\u0163ile parteneriatului Comenius Regio METHODS OF PREVENTING STUDENTS FAILURE, cu sprijinul financiar al Comisiei Europene \u00een cadrul Programului Sectorial Comenius al Programului de \u00cenv\u0103\u0163are pe Tot Parcursul Vie\u0163ii cu un grant in valoare de 29.037 euro \u015fi o cofinan\u0163are de 3.012 euro, [&hellip;]<\/p>\n","protected":false},"author":1001008,"featured_media":0,"comment_status":"open","ping_status":"open","sticky":false,"template":"","format":"standard","meta":{"ngg_post_thumbnail":0,"footnotes":""},"categories":[13],"tags":[537,505],"class_list":["post-7255","post","type-post","status-publish","format-standard","hentry","category-invatamant","tag-karaman","tag-turcia"],"_links":{"self":[{"href":"https:\/\/primariarovinari.ro\/old\/wp-json\/wp\/v2\/posts\/7255","targetHints":{"allow":["GET"]}}],"collection":[{"href":"https:\/\/primariarovinari.ro\/old\/wp-json\/wp\/v2\/posts"}],"about":[{"href":"https:\/\/primariarovinari.ro\/old\/wp-json\/wp\/v2\/types\/post"}],"author":[{"embeddable":true,"href":"https:\/\/primariarovinari.ro\/old\/wp-json\/wp\/v2\/users\/1001008"}],"replies":[{"embeddable":true,"href":"https:\/\/primariarovinari.ro\/old\/wp-json\/wp\/v2\/comments?post=7255"}],"version-history":[{"count":0,"href":"https:\/\/primariarovinari.ro\/old\/wp-json\/wp\/v2\/posts\/7255\/revisions"}],"wp:attachment":[{"href":"https:\/\/primariarovinari.ro\/old\/wp-json\/wp\/v2\/media?parent=7255"}],"wp:term":[{"taxonomy":"category","embeddable":true,"href":"https:\/\/primariarovinari.ro\/old\/wp-json\/wp\/v2\/categories?post=7255"},{"taxonomy":"post_tag","embeddable":true,"href":"https:\/\/primariarovinari.ro\/old\/wp-json\/wp\/v2\/tags?post=7255"}],"curies":[{"name":"wp","href":"https:\/\/api.w.org\/{rel}","templated":true}]}}