{"id":7231,"date":"2014-05-06T12:46:15","date_gmt":"2014-05-06T10:46:15","guid":{"rendered":"http:\/\/www.primariarovinari.ro\/?p=7231"},"modified":"2014-06-05T09:45:13","modified_gmt":"2014-06-05T07:45:13","slug":"atentie-alegatori-sectiile-de-votare-au-suferit-modificari","status":"publish","type":"post","link":"https:\/\/primariarovinari.ro\/old\/2014\/05\/atentie-alegatori-sectiile-de-votare-au-suferit-modificari\/","title":{"rendered":"ATEN\u0162IE ALEG\u0102TORI ! Sec\u0163iile de votare au suferit mici modific\u0103ri"},"content":{"rendered":"<p style=\"text-align: justify;\">Av\u00e2nd \u00een vedere alegerile pentru Parlamentul European, dar \u015fi alegerile par\u0163iale pentru Colegiului Nr. 2 Senat care se vor desf\u0103\u015fura simultan \u00een data de 25 mai 2014, primarul Ora\u015fului Rovinari a emis Dispozi\u0163iile Nr. 373\/12.03.2014 \u015fi Nr. 468\/24.04.2014 privind amenajarea sec\u0163iilor de votare \u015fi arondarea blocurilor de locuit la acestea.<\/p>\n<p style=\"text-align: justify;\">Fa\u0163\u0103 de anii trecu\u0163i au survenit unele modific\u0103ri, ca urmare a desfin\u0163\u0103rii celor dou\u0103 sec\u0163ii de votare de la Clubul Elevilor Rovinari. Pentru a venii cu sec\u0163iile de votare mai aproape de aleg\u0103tori au mai fost create dou\u0103 sec\u0163ii de votare \u00een cadrul \u015ecolii Gimnaziale Nr. 3 Rovinari.<\/p>\n<p style=\"text-align: justify;\">\u00cen acest moment vor fi amenajate 9 sec\u0163ii de votare pentru P.E. \u015fi 9 sec\u0163ii de votare pentru Colegiul Nr. 2 &#8211; Senat, care sunt echilibrate din punct de vedere numeric. Vor fi create, pentru fiecare tip de alegeri, c\u00e2te:<a href=\"http:\/\/www.primariarovinari.ro\/wp-content\/uploads\/2014\/05\/scoala3.jpg\"><img loading=\"lazy\" decoding=\"async\" class=\"alignright size-medium wp-image-7236\" title=\"scoala3\" src=\"http:\/\/www.primariarovinari.ro\/wp-content\/uploads\/2014\/05\/scoala3-300x200.jpg\" alt=\"\" width=\"300\" height=\"200\" srcset=\"https:\/\/primariarovinari.ro\/old\/wp-content\/uploads\/2014\/05\/scoala3-300x200.jpg 300w, https:\/\/primariarovinari.ro\/old\/wp-content\/uploads\/2014\/05\/scoala3-1024x682.jpg 1024w\" sizes=\"auto, (max-width: 300px) 100vw, 300px\" \/><\/a><\/p>\n<p style=\"text-align: justify;\">&#8211; 2 sec\u0163ii la \u015ecoala Gimnazial\u0103 Nr. 1;<\/p>\n<p style=\"text-align: justify;\">&#8211; 2 sec\u0163ii la \u015ecoala Gimnazial\u0103 Nr. 3;<\/p>\n<p style=\"text-align: justify;\">&#8211; 2 sec\u0163ii la Colegiul &#8222;Gheorhe T\u0103t\u0103rescu&#8221;;<\/p>\n<p style=\"text-align: justify;\">&#8211; 2 sec\u0163ii la Gr\u0103dini\u0163a Nr. 3 ;<\/p>\n<p style=\"text-align: justify;\">&#8211; 1 sec\u0163ie la Gr\u0103dini\u0163a V\u00eer\u0163.<\/p>\n<p style=\"text-align: justify;\">Noua delimitare a sec\u0163iilor de votare poate fi vizualizat\u0103 \u00een integralitatea sa, ac\u0163ion\u00e2nd click mai jos.<\/p>\n<p><!--more--><img decoding=\"async\" src=\"http:\/\/www.primariarovinari.ro\/wp-content\/plugins\/wp-downloadmanager\/images\/ext\/pdf.gif\" alt=\"\" title=\"\" style=\"vertical-align: middle;\" \/>&nbsp;&nbsp;<strong><a href=\"https:\/\/primariarovinari.ro\/old\/download\/pdf_uri\/arondaresectiivotare.pdf\">Noua delimitare a sec\u0163iilor de votare<\/a><\/strong> (157,6 KiB, 1.866 hits)<br><\/p>\n<p style=\"text-align: center;\">ngg_shortcode_0_placeholder<\/p>\n","protected":false},"excerpt":{"rendered":"<p>Av\u00e2nd \u00een vedere alegerile pentru Parlamentul European, dar \u015fi alegerile par\u0163iale pentru Colegiului Nr. 2 Senat care se vor desf\u0103\u015fura simultan \u00een data de 25 mai 2014, primarul Ora\u015fului Rovinari a emis Dispozi\u0163iile Nr. 373\/12.03.2014 \u015fi Nr. 468\/24.04.2014 privind amenajarea sec\u0163iilor de votare \u015fi arondarea blocurilor de locuit la acestea. Fa\u0163\u0103 de anii trecu\u0163i au [&hellip;]<\/p>\n","protected":false},"author":1001008,"featured_media":0,"comment_status":"open","ping_status":"open","sticky":false,"template":"","format":"standard","meta":{"ngg_post_thumbnail":0,"footnotes":""},"categories":[151],"tags":[418,559],"class_list":["post-7231","post","type-post","status-publish","format-standard","hentry","category-informatii-publice","tag-alegeri","tag-votari"],"_links":{"self":[{"href":"https:\/\/primariarovinari.ro\/old\/wp-json\/wp\/v2\/posts\/7231","targetHints":{"allow":["GET"]}}],"collection":[{"href":"https:\/\/primariarovinari.ro\/old\/wp-json\/wp\/v2\/posts"}],"about":[{"href":"https:\/\/primariarovinari.ro\/old\/wp-json\/wp\/v2\/types\/post"}],"author":[{"embeddable":true,"href":"https:\/\/primariarovinari.ro\/old\/wp-json\/wp\/v2\/users\/1001008"}],"replies":[{"embeddable":true,"href":"https:\/\/primariarovinari.ro\/old\/wp-json\/wp\/v2\/comments?post=7231"}],"version-history":[{"count":0,"href":"https:\/\/primariarovinari.ro\/old\/wp-json\/wp\/v2\/posts\/7231\/revisions"}],"wp:attachment":[{"href":"https:\/\/primariarovinari.ro\/old\/wp-json\/wp\/v2\/media?parent=7231"}],"wp:term":[{"taxonomy":"category","embeddable":true,"href":"https:\/\/primariarovinari.ro\/old\/wp-json\/wp\/v2\/categories?post=7231"},{"taxonomy":"post_tag","embeddable":true,"href":"https:\/\/primariarovinari.ro\/old\/wp-json\/wp\/v2\/tags?post=7231"}],"curies":[{"name":"wp","href":"https:\/\/api.w.org\/{rel}","templated":true}]}}