{"id":7213,"date":"2014-05-06T08:23:12","date_gmt":"2014-05-06T06:23:12","guid":{"rendered":"http:\/\/www.primariarovinari.ro\/?p=7213"},"modified":"2014-05-06T08:26:04","modified_gmt":"2014-05-06T06:26:04","slug":"toti-elevii-care-invata-in-rovinari-si-parintii-acestora-trebuie-sa-stie-asta","status":"publish","type":"post","link":"https:\/\/primariarovinari.ro\/old\/2014\/05\/toti-elevii-care-invata-in-rovinari-si-parintii-acestora-trebuie-sa-stie-asta\/","title":{"rendered":"To\u0163i elevii care \u00eenva\u0163\u0103 \u00een Rovinari \u015fi p\u0103rin\u0163ii acestora trebuie s\u0103 \u015ftie asta"},"content":{"rendered":"<p style=\"text-align: justify;\"><a href=\"http:\/\/www.primariarovinari.ro\/wp-content\/uploads\/2011\/09\/elevi-rovinari.jpg\"><img loading=\"lazy\" decoding=\"async\" class=\"alignright size-medium wp-image-3479\" style=\"margin-top: 5px; margin-bottom: 5px;\" title=\"elevi rovinari\" src=\"http:\/\/www.primariarovinari.ro\/wp-content\/uploads\/2011\/09\/elevi-rovinari-300x168.jpg\" alt=\"\" width=\"300\" height=\"168\" srcset=\"https:\/\/primariarovinari.ro\/old\/wp-content\/uploads\/2011\/09\/elevi-rovinari-300x168.jpg 300w, https:\/\/primariarovinari.ro\/old\/wp-content\/uploads\/2011\/09\/elevi-rovinari.jpg 1024w\" sizes=\"auto, (max-width: 300px) 100vw, 300px\" \/><\/a>Consiliul Local Rovinari a votat \u00een unanimitate, proiectul de hot\u0103r\u00e2re ini\u0163iat de primarul Ora\u015fului Rovinari, privind aprobarea particip\u0103rii unui num\u0103r de 100 de elevi din unit\u0103\u0163ile de \u00eenv\u0103\u0163\u0103m\u00e2nt de pe raza Ora\u015fului Rovinari \u00een tabere \u015fcolare, la mare, \u00een vacan\u0163a de var\u0103 2014.<\/p>\n<p style=\"text-align: justify;\">Prin <a href=\"http:\/\/www.primariarovinari.ro\/wp-content\/files\/pdf_uri\/tabereelevi31.03.2014.pdf\" target=\"_blank\">Hot\u0103r\u00e2rea Consiliului Local Rovinari nr. 30 din 31.03.2014<\/a> s-a aprobat participarea unui num\u0103r de 100 de elevi, cu rezultate bune la \u00eenv\u0103\u0163\u0103tur\u0103 \u015fi cu o situa\u0163ie material\u0103 precar\u0103, din unit\u0103\u0163ile de \u00eenv\u0103\u0163\u0103m\u00e2nt de pe raza Ora\u015fului Rovinari \u00een tabere \u015fcolare \u00een vacan\u0163a de var\u0103 2014, astfel:<\/p>\n<p style=\"text-align: justify;\"><!--more-->&#8211; 35 elevi de la \u015ecoala Gimnazial\u0103 Nr. 1;<\/p>\n<p style=\"text-align: justify;\">&#8211; 25 elevi de la \u015ecoala Gimnazial\u0103 Nr. 3;<\/p>\n<p style=\"text-align: justify;\">&#8211; 40 de elevi de la Colegiul &#8222;Gheorghe T\u0103t\u0103rescu&#8221;.<\/p>\n<p style=\"text-align: justify;\">Elevii care nu au o situa\u0163ie \u015fcolar\u0103 prea bun\u0103, \u00eenc\u0103 mai au timpul necesar \u00eendrept\u0103rii acesteia.<\/p>\n","protected":false},"excerpt":{"rendered":"<p>Consiliul Local Rovinari a votat \u00een unanimitate, proiectul de hot\u0103r\u00e2re ini\u0163iat de primarul Ora\u015fului Rovinari, privind aprobarea particip\u0103rii unui num\u0103r de 100 de elevi din unit\u0103\u0163ile de \u00eenv\u0103\u0163\u0103m\u00e2nt de pe raza Ora\u015fului Rovinari \u00een tabere \u015fcolare, la mare, \u00een vacan\u0163a de var\u0103 2014. Prin Hot\u0103r\u00e2rea Consiliului Local Rovinari nr. 30 din 31.03.2014 s-a aprobat participarea [&hellip;]<\/p>\n","protected":false},"author":1001008,"featured_media":0,"comment_status":"open","ping_status":"open","sticky":false,"template":"","format":"standard","meta":{"ngg_post_thumbnail":0,"footnotes":""},"categories":[13],"tags":[413,558],"class_list":["post-7213","post","type-post","status-publish","format-standard","hentry","category-invatamant","tag-elevi","tag-tabere-scolare"],"_links":{"self":[{"href":"https:\/\/primariarovinari.ro\/old\/wp-json\/wp\/v2\/posts\/7213","targetHints":{"allow":["GET"]}}],"collection":[{"href":"https:\/\/primariarovinari.ro\/old\/wp-json\/wp\/v2\/posts"}],"about":[{"href":"https:\/\/primariarovinari.ro\/old\/wp-json\/wp\/v2\/types\/post"}],"author":[{"embeddable":true,"href":"https:\/\/primariarovinari.ro\/old\/wp-json\/wp\/v2\/users\/1001008"}],"replies":[{"embeddable":true,"href":"https:\/\/primariarovinari.ro\/old\/wp-json\/wp\/v2\/comments?post=7213"}],"version-history":[{"count":0,"href":"https:\/\/primariarovinari.ro\/old\/wp-json\/wp\/v2\/posts\/7213\/revisions"}],"wp:attachment":[{"href":"https:\/\/primariarovinari.ro\/old\/wp-json\/wp\/v2\/media?parent=7213"}],"wp:term":[{"taxonomy":"category","embeddable":true,"href":"https:\/\/primariarovinari.ro\/old\/wp-json\/wp\/v2\/categories?post=7213"},{"taxonomy":"post_tag","embeddable":true,"href":"https:\/\/primariarovinari.ro\/old\/wp-json\/wp\/v2\/tags?post=7213"}],"curies":[{"name":"wp","href":"https:\/\/api.w.org\/{rel}","templated":true}]}}