{"id":7185,"date":"2014-04-09T09:16:30","date_gmt":"2014-04-09T07:16:30","guid":{"rendered":"http:\/\/www.primariarovinari.ro\/?p=7185"},"modified":"2014-05-06T12:46:02","modified_gmt":"2014-05-06T10:46:02","slug":"scoala-altfel-ocazia-elevilor-de-a-vizita-primaria-orasului-rovinari","status":"publish","type":"post","link":"https:\/\/primariarovinari.ro\/old\/2014\/04\/scoala-altfel-ocazia-elevilor-de-a-vizita-primaria-orasului-rovinari\/","title":{"rendered":"&#8222;\u015ecoala Altfel&#8221; &#8211; ocazia elevilor de a vizita Prim\u0103ria Ora\u015fului Rovinari"},"content":{"rendered":"<p style=\"text-align: justify;\"><a href=\"http:\/\/www.primariarovinari.ro\/wp-content\/uploads\/2014\/04\/IMG_8033_resize.jpg\"><img loading=\"lazy\" decoding=\"async\" class=\"alignright size-medium wp-image-7188\" style=\"margin-top: 1px; margin-bottom: 1px;\" title=\"scoala altfel rovinari\" src=\"http:\/\/www.primariarovinari.ro\/wp-content\/uploads\/2014\/04\/IMG_8033_resize-300x200.jpg\" alt=\"\" width=\"300\" height=\"200\" srcset=\"https:\/\/primariarovinari.ro\/old\/wp-content\/uploads\/2014\/04\/IMG_8033_resize-300x200.jpg 300w, https:\/\/primariarovinari.ro\/old\/wp-content\/uploads\/2014\/04\/IMG_8033_resize.jpg 1024w\" sizes=\"auto, (max-width: 300px) 100vw, 300px\" \/><\/a>\u00cen cursul zilei de ieri, un grup de elevi ai Colegiului &#8222;Gheorghe T\u0103t\u0103rescu&#8221;, \u00eenso\u0163i\u0163i de cadre didactice, au vizitat Prim\u0103ria Ora\u015fului Rovinari. Vizita a f\u0103cut parte din s\u0103pt\u0103m\u00e2na &#8222;\u015ecoala Altfel&#8221;. Elevii au vizitat Sala de \u015eedin\u0163e a consiliului local, cabinetul primarului, precum \u015fi birourile viceprimarului, administratorului public, contabilitate, urbanism, protec\u0163ie civil\u0103.<\/p>\n<p style=\"text-align: justify;\">Elevii au stat de vorb\u0103 cu primarul Dorin Filip, viceprimarul Chivu Lauren\u0163iu, administratorul public Constantin Podaru, contabilul \u015fef Ion Ungureanu, \u015fefii de birouri \u015fi func\u0163ionarii publici. Acestora li s-a explicat activitatea fiec\u0103rui birou vizitat, \u00een contextul actual al administra\u0163iei publice locale.<\/p>\n<p style=\"text-align: justify;\"><!--more-->ngg_shortcode_0_placeholder<\/p>\n","protected":false},"excerpt":{"rendered":"<p>\u00cen cursul zilei de ieri, un grup de elevi ai Colegiului &#8222;Gheorghe T\u0103t\u0103rescu&#8221;, \u00eenso\u0163i\u0163i de cadre didactice, au vizitat Prim\u0103ria Ora\u015fului Rovinari. Vizita a f\u0103cut parte din s\u0103pt\u0103m\u00e2na &#8222;\u015ecoala Altfel&#8221;. Elevii au vizitat Sala de \u015eedin\u0163e a consiliului local, cabinetul primarului, precum \u015fi birourile viceprimarului, administratorului public, contabilitate, urbanism, protec\u0163ie civil\u0103. Elevii au stat de [&hellip;]<\/p>\n","protected":false},"author":1001008,"featured_media":0,"comment_status":"open","ping_status":"open","sticky":false,"template":"","format":"standard","meta":{"ngg_post_thumbnail":0,"footnotes":""},"categories":[357],"tags":[412],"class_list":["post-7185","post","type-post","status-publish","format-standard","hentry","category-investitii-2","tag-scoala-altfel"],"_links":{"self":[{"href":"https:\/\/primariarovinari.ro\/old\/wp-json\/wp\/v2\/posts\/7185","targetHints":{"allow":["GET"]}}],"collection":[{"href":"https:\/\/primariarovinari.ro\/old\/wp-json\/wp\/v2\/posts"}],"about":[{"href":"https:\/\/primariarovinari.ro\/old\/wp-json\/wp\/v2\/types\/post"}],"author":[{"embeddable":true,"href":"https:\/\/primariarovinari.ro\/old\/wp-json\/wp\/v2\/users\/1001008"}],"replies":[{"embeddable":true,"href":"https:\/\/primariarovinari.ro\/old\/wp-json\/wp\/v2\/comments?post=7185"}],"version-history":[{"count":0,"href":"https:\/\/primariarovinari.ro\/old\/wp-json\/wp\/v2\/posts\/7185\/revisions"}],"wp:attachment":[{"href":"https:\/\/primariarovinari.ro\/old\/wp-json\/wp\/v2\/media?parent=7185"}],"wp:term":[{"taxonomy":"category","embeddable":true,"href":"https:\/\/primariarovinari.ro\/old\/wp-json\/wp\/v2\/categories?post=7185"},{"taxonomy":"post_tag","embeddable":true,"href":"https:\/\/primariarovinari.ro\/old\/wp-json\/wp\/v2\/tags?post=7185"}],"curies":[{"name":"wp","href":"https:\/\/api.w.org\/{rel}","templated":true}]}}