{"id":7085,"date":"2014-03-20T14:14:47","date_gmt":"2014-03-20T12:14:47","guid":{"rendered":"http:\/\/www.primariarovinari.ro\/?p=7085"},"modified":"2014-03-20T14:27:57","modified_gmt":"2014-03-20T12:27:57","slug":"nivelul-particulelor-in-suspensie-din-aer-masurat-de-greenpeace-romania","status":"publish","type":"post","link":"https:\/\/primariarovinari.ro\/old\/2014\/03\/nivelul-particulelor-in-suspensie-din-aer-masurat-de-greenpeace-romania\/","title":{"rendered":"Nivelul particulelor \u00een suspensie din aer, m\u0103surat de Greenpeace Rom\u00e2nia"},"content":{"rendered":"<p style=\"text-align: justify;\"><a href=\"http:\/\/youtu.be\/O-d_Eue8T10\" target=\"_blank\"><img loading=\"lazy\" decoding=\"async\" class=\"alignright size-medium wp-image-7090\" style=\"margin-top: 7px; margin-bottom: 7px;\" title=\"greenpeace rovinari (5)\" src=\"http:\/\/www.primariarovinari.ro\/wp-content\/uploads\/2014\/03\/greenpeace-rovinari-5-300x200.jpg\" alt=\"\" width=\"300\" height=\"200\" srcset=\"https:\/\/primariarovinari.ro\/old\/wp-content\/uploads\/2014\/03\/greenpeace-rovinari-5-300x200.jpg 300w, https:\/\/primariarovinari.ro\/old\/wp-content\/uploads\/2014\/03\/greenpeace-rovinari-5.jpg 1024w\" sizes=\"auto, (max-width: 300px) 100vw, 300px\" \/><\/a>Azi, 20 martie 2014, echipa Greenpeace Rom\u00e2nia a m\u0103surat nivelul particulelor \u00een suspensie a, aerului din Ora\u015ful Rovinari. Voluntarii Greenpeace au fost prezen\u0163i \u00een Parcul Central \u015fi au oferit materiale informative referitoare la pericolele polu\u0103rii provocate de arderea polu\u0103rii.<\/p>\n<p style=\"text-align: justify;\">Conform informa\u0163iilor oficiale, de la cele trei sta\u0163ii de m\u0103surare a calit\u0103\u0163ii aerului din jude\u0163 (T\u00e2rgu &#8211; Jiu, Rovinari \u015fi Turceni), doar la cea din urm\u0103 nu a fost dep\u0103\u015fit\u0103 limita de 50 \u00b5g\/m.c. pulberi \u00een suspensie pentru mai mult de 35 de zile, a\u015fa cum prevede legea.<\/p>\n<p style=\"text-align: justify;\"><!--more--><a href=\"http:\/\/www.primariarovinari.ro\/wp-content\/files\/pdf_uri\/comunicatdepresagreenpeace.pdf\" target=\"_blank\"><img loading=\"lazy\" decoding=\"async\" class=\"size-medium wp-image-7097 alignleft\" title=\"greenpeace rovinari (1)\" src=\"http:\/\/www.primariarovinari.ro\/wp-content\/uploads\/2014\/03\/greenpeace-rovinari-1-200x300.jpg\" alt=\"\" width=\"104\" height=\"156\" srcset=\"https:\/\/primariarovinari.ro\/old\/wp-content\/uploads\/2014\/03\/greenpeace-rovinari-1-200x300.jpg 200w, https:\/\/primariarovinari.ro\/old\/wp-content\/uploads\/2014\/03\/greenpeace-rovinari-1-682x1024.jpg 682w, https:\/\/primariarovinari.ro\/old\/wp-content\/uploads\/2014\/03\/greenpeace-rovinari-1.jpg 1024w\" sizes=\"auto, (max-width: 104px) 100vw, 104px\" \/><\/a>\u00cen Rovinari, patru ani la r\u00e2nd, \u00eentre 2009 &#8211; 2012, au fost dep\u0103\u015fite cele 35 de zile prev\u0103zute de lege drept limit\u0103. Mai mult limita a fost dep\u0103\u015fit\u0103 de patru ori: \u00een 2009 s-au \u00eenregistrat 131 de zile cu valori ale pulberilor \u00een suspensie de peste 50 \u00b5g\/m.c.. \u00cen anul 2012 au fost 91 de zile cu dep\u0103\u015firi ale acestei limite.<\/p>\n<p style=\"text-align: justify;\">Echipa Greenpeace a fost \u00eent\u00e2mpinat\u0103 de autorit\u0103\u0163ile locale, \u015fi invitat\u0103 la sediul prim\u0103riei pentru mai multe discu\u0163ii privind demersurile pe care le putem face \u00eempreun\u0103 pe l\u00e2ng\u0103 Ministerul Mediului, pentru a reduce nivelul polu\u0103rii din Ora\u015ful Rovinari.<\/p>\n<p style=\"text-align: justify;\">ngg_shortcode_0_placeholder<\/p>\n","protected":false},"excerpt":{"rendered":"<p>Azi, 20 martie 2014, echipa Greenpeace Rom\u00e2nia a m\u0103surat nivelul particulelor \u00een suspensie a, aerului din Ora\u015ful Rovinari. Voluntarii Greenpeace au fost prezen\u0163i \u00een Parcul Central \u015fi au oferit materiale informative referitoare la pericolele polu\u0103rii provocate de arderea polu\u0103rii. Conform informa\u0163iilor oficiale, de la cele trei sta\u0163ii de m\u0103surare a calit\u0103\u0163ii aerului din jude\u0163 (T\u00e2rgu [&hellip;]<\/p>\n","protected":false},"author":1001008,"featured_media":0,"comment_status":"open","ping_status":"open","sticky":false,"template":"","format":"standard","meta":{"ngg_post_thumbnail":0,"footnotes":""},"categories":[4],"tags":[554,492],"class_list":["post-7085","post","type-post","status-publish","format-standard","hentry","category-informatii-locale","tag-greenpeace","tag-poluare"],"_links":{"self":[{"href":"https:\/\/primariarovinari.ro\/old\/wp-json\/wp\/v2\/posts\/7085","targetHints":{"allow":["GET"]}}],"collection":[{"href":"https:\/\/primariarovinari.ro\/old\/wp-json\/wp\/v2\/posts"}],"about":[{"href":"https:\/\/primariarovinari.ro\/old\/wp-json\/wp\/v2\/types\/post"}],"author":[{"embeddable":true,"href":"https:\/\/primariarovinari.ro\/old\/wp-json\/wp\/v2\/users\/1001008"}],"replies":[{"embeddable":true,"href":"https:\/\/primariarovinari.ro\/old\/wp-json\/wp\/v2\/comments?post=7085"}],"version-history":[{"count":0,"href":"https:\/\/primariarovinari.ro\/old\/wp-json\/wp\/v2\/posts\/7085\/revisions"}],"wp:attachment":[{"href":"https:\/\/primariarovinari.ro\/old\/wp-json\/wp\/v2\/media?parent=7085"}],"wp:term":[{"taxonomy":"category","embeddable":true,"href":"https:\/\/primariarovinari.ro\/old\/wp-json\/wp\/v2\/categories?post=7085"},{"taxonomy":"post_tag","embeddable":true,"href":"https:\/\/primariarovinari.ro\/old\/wp-json\/wp\/v2\/tags?post=7085"}],"curies":[{"name":"wp","href":"https:\/\/api.w.org\/{rel}","templated":true}]}}