{"id":7051,"date":"2014-03-10T14:48:57","date_gmt":"2014-03-10T12:48:57","guid":{"rendered":"http:\/\/www.primariarovinari.ro\/?p=7051"},"modified":"2014-03-10T14:59:21","modified_gmt":"2014-03-10T12:59:21","slug":"primarul-dorin-filip-a-fost-premiat-de-asociatia-oraselor-din-romania","status":"publish","type":"post","link":"https:\/\/primariarovinari.ro\/old\/2014\/03\/primarul-dorin-filip-a-fost-premiat-de-asociatia-oraselor-din-romania\/","title":{"rendered":"Primarul Dorin Filip a fost premiat de Asocia\u0163ia Ora\u015felor din Rom\u00e2nia"},"content":{"rendered":"<div id=\"yui_3_13_0_ym1_1_1394452688722_5449\">\n<div id=\"yiv0638952951\">\n<div id=\"yui_3_13_0_ym1_1_1394452688722_5448\">\n<div id=\"yui_3_13_0_ym1_1_1394452688722_5447\">\n<div id=\"yui_3_13_0_ym1_1_1394452688722_5446\" style=\"text-align: justify;\">\n<p><a href=\"http:\/\/www.primariarovinari.ro\/wp-content\/uploads\/2014\/03\/dorin-filip-premiat-de-AOR-2.jpg\"><img loading=\"lazy\" decoding=\"async\" class=\"alignright size-medium wp-image-7054\" title=\"dorin filip premiat de AOR (2)\" src=\"http:\/\/www.primariarovinari.ro\/wp-content\/uploads\/2014\/03\/dorin-filip-premiat-de-AOR-2-300x200.jpg\" alt=\"\" width=\"173\" height=\"115\" srcset=\"https:\/\/primariarovinari.ro\/old\/wp-content\/uploads\/2014\/03\/dorin-filip-premiat-de-AOR-2-300x200.jpg 300w, https:\/\/primariarovinari.ro\/old\/wp-content\/uploads\/2014\/03\/dorin-filip-premiat-de-AOR-2.jpg 1024w\" sizes=\"auto, (max-width: 173px) 100vw, 173px\" \/><\/a>Primarul Ora\u015fului Rovinari, Dorin Filip, a primit, joi sear\u0103, \u201ePremiul pentru implicarea \u015fi efortul depus \u00een cadrul Asocia\u0163iei Ora\u015felor din Rom\u00e2nia\u201c.<\/p>\n<p>Distinc\u0163ia i-a fost \u00eenm\u00e2nat\u0103 \u00een cadrul cele de-a XXI-a edi\u0163ii a Adun\u0103rii Generale a Asocia\u0163iei Ora\u015felor din Rom\u00e2nia (AOR), eveniment care s-a desf\u0103\u015furat \u00een perioada 5 &#8211; 7 martie, la Bucure\u015fti.<\/p>\n<p><!--more-->ngg_shortcode_0_placeholder<\/p>\n<\/div>\n<\/div>\n<\/div>\n<\/div>\n<\/div>\n","protected":false},"excerpt":{"rendered":"<p>Primarul Ora\u015fului Rovinari, Dorin Filip, a primit, joi sear\u0103, \u201ePremiul pentru implicarea \u015fi efortul depus \u00een cadrul Asocia\u0163iei Ora\u015felor din Rom\u00e2nia\u201c. Distinc\u0163ia i-a fost \u00eenm\u00e2nat\u0103 \u00een cadrul cele de-a XXI-a edi\u0163ii a Adun\u0103rii Generale a Asocia\u0163iei Ora\u015felor din Rom\u00e2nia (AOR), eveniment care s-a desf\u0103\u015furat \u00een perioada 5 &#8211; 7 martie, la Bucure\u015fti.<\/p>\n","protected":false},"author":1001008,"featured_media":0,"comment_status":"open","ping_status":"open","sticky":false,"template":"","format":"standard","meta":{"ngg_post_thumbnail":0,"footnotes":""},"categories":[538],"tags":[553],"class_list":["post-7051","post","type-post","status-publish","format-standard","hentry","category-premii","tag-premiu-aor"],"_links":{"self":[{"href":"https:\/\/primariarovinari.ro\/old\/wp-json\/wp\/v2\/posts\/7051","targetHints":{"allow":["GET"]}}],"collection":[{"href":"https:\/\/primariarovinari.ro\/old\/wp-json\/wp\/v2\/posts"}],"about":[{"href":"https:\/\/primariarovinari.ro\/old\/wp-json\/wp\/v2\/types\/post"}],"author":[{"embeddable":true,"href":"https:\/\/primariarovinari.ro\/old\/wp-json\/wp\/v2\/users\/1001008"}],"replies":[{"embeddable":true,"href":"https:\/\/primariarovinari.ro\/old\/wp-json\/wp\/v2\/comments?post=7051"}],"version-history":[{"count":0,"href":"https:\/\/primariarovinari.ro\/old\/wp-json\/wp\/v2\/posts\/7051\/revisions"}],"wp:attachment":[{"href":"https:\/\/primariarovinari.ro\/old\/wp-json\/wp\/v2\/media?parent=7051"}],"wp:term":[{"taxonomy":"category","embeddable":true,"href":"https:\/\/primariarovinari.ro\/old\/wp-json\/wp\/v2\/categories?post=7051"},{"taxonomy":"post_tag","embeddable":true,"href":"https:\/\/primariarovinari.ro\/old\/wp-json\/wp\/v2\/tags?post=7051"}],"curies":[{"name":"wp","href":"https:\/\/api.w.org\/{rel}","templated":true}]}}