{"id":7022,"date":"2014-03-04T13:08:57","date_gmt":"2014-03-04T11:08:57","guid":{"rendered":"http:\/\/www.primariarovinari.ro\/?p=7022"},"modified":"2014-03-04T13:11:29","modified_gmt":"2014-03-04T11:11:29","slug":"conferinta-diseminare-rezultate-proiect-azi-copii-maine-cetateni","status":"publish","type":"post","link":"https:\/\/primariarovinari.ro\/old\/2014\/03\/conferinta-diseminare-rezultate-proiect-azi-copii-maine-cetateni\/","title":{"rendered":"Conferin\u0163\u0103 diseminare rezultate proiect &#8222;Azi copii, m\u00e2ine cet\u0103\u0163eni&#8221; !"},"content":{"rendered":"<p style=\"text-align: justify;\">Asocia\u021bia de Tineret pentru Dezvoltare Uman\u0103 Gorj a implementat \u00een perioada 01 septembrie 2013 \u2013 28 februarie 2014, proiectul <a href=\"http:\/\/www.primariarovinari.ro\/wp-content\/uploads\/2014\/03\/tineri-pt-viitor-1.jpg\"><img loading=\"lazy\" decoding=\"async\" class=\"alignright size-medium wp-image-7026\" style=\"margin-top: 5px; margin-bottom: 5px;\" title=\"tineri pt viitor (1)\" src=\"http:\/\/www.primariarovinari.ro\/wp-content\/uploads\/2014\/03\/tineri-pt-viitor-1-300x200.jpg\" alt=\"\" width=\"300\" height=\"200\" srcset=\"https:\/\/primariarovinari.ro\/old\/wp-content\/uploads\/2014\/03\/tineri-pt-viitor-1-300x200.jpg 300w, https:\/\/primariarovinari.ro\/old\/wp-content\/uploads\/2014\/03\/tineri-pt-viitor-1.jpg 1024w\" sizes=\"auto, (max-width: 300px) 100vw, 300px\" \/><\/a>\u201eAzi, copii, m\u00e2ine, cet\u0103\u021beni!\u201d, finan\u0163at de c\u0103tre Comisia European\u0103, prin programul \u201eTineret \u00een ac\u0163iune\u201d, ac\u0163iunea \u201eTineri pentru Europa\u201d, sub-ac\u0163iunea 1.2. \u201eIni\u0163iative ale tinerilor\u201d, \u00een cadrul Apelului lansat de c\u0103tre ANPCDEFP, la 1 mai 2013.<\/p>\n<p style=\"text-align: justify;\">Asocia\u021bia de Tineret pentru Dezvoltare Uman\u0103 Gorj, \u00een calitate de promotor al proiectului mai sus-men\u0163ionat, a fost sprijinit\u0103, \u00een derularea activit\u0103\u0163ilor, de c\u0103tre cei doi parteneri ai s\u0103i, Prim\u0103ria Ora\u0219ului Rovinari \u015fi \u0218coala Gimnazial\u0103 Nr. 1 Rovinari. Tema proiectului a reprezentat-o informarea tinerilor, de c\u0103tre tineri, asupra unor teme de interes general, \u00een vederea dezvolt\u0103rii personale \u0219i sociale a tuturor participan\u021bilor implica\u021bi.<\/p>\n<p style=\"text-align: justify;\"><!--more-->Obiectivele proiectului au constat \u00een:<\/p>\n<p style=\"text-align: justify;\">a)\t Utilizarea rezultatelor tangibile \u0219i intangibile ale proiectului \u00ab Tineri pentru viitor ! \u00bb, (finan\u021bat de c\u0103tre Comisia European\u0103, prin programul \u201eTineret \u00een ac\u0163iune\u201d, ac\u0163iunea \u201eTineri pentru Europa\u201d, sub-ac\u0163iunea 1.2. \u201eIni\u0163iative ale tinerilor\u201d, \u00een cadrul Apelului lansat de c\u0103tre ANPCDEFP, la 1 octombrie 2012), \u00een vederea dezvoltarii abilit\u0103\u021bilor unui grup de 11 tineri, de a derula sesiuni de informare, bazate pe metodele educatiei non-formale.<\/p>\n<p style=\"text-align: justify;\">b)\tDezvoltarea personal\u0103 \u0219i social\u0103 a unui grup-\u021bint\u0103 de 25 de elevi, din cadrul \u0218colii Gimnaziale Rovinari Nr. 1 Rovinari, prin organizarea \u0219i implementarea unor sesiuni de informare de interes general \u0219i european, utiliz\u00e2nd metodele educa\u021biei non-formale.<\/p>\n<p style=\"text-align: justify;\">c)\tRealizarea unui studiu privind nevoile de dezvoltare social\u0103 \u0219i personal\u0103 a adolescen\u021bilor, prin aplicarea a 100 de chestionare, \u00een randul elevilor de clasele a VII-a si a VIII-a.<\/p>\n<p style=\"text-align: justify;\">Vineri, 28 februarie, a avut loc, la sediul Prim\u0103riei Ora\u0219ului Rovinari, \u00eent\u00e2lnirea de diseminare suplimentar\u0103 a rezultatelor proiectului \u201eAzi, copii, m\u00e2ine, cet\u0103\u021beni!\u201d.\u00a0La eveniment au participat membrii echipei de proiect, reprezentan\u0163i ai partenerilor, elevii din grupul-\u0163int\u0103, speciali\u0219tii implicati \u00een derularea proiectului \u0219i invita\u0163i din comunitatea local\u0103.<\/p>\n<p style=\"text-align: justify;\">Cu aceast\u0103 ocazie, au fost promovate organismul finan\u021bator, programul Tineret \u00een Ac\u021biune, \u0219i rezultatele ob\u021binute pe parcursul celor 6 luni de implementare.\u00a0\u00cent\u00e2lnirea a continuat cu dezbateri libere, privind necesit\u0103\u021bile tinerilor \u0219i noile oportunit\u0103\u021bi de finan\u021bare ce ar putea veni \u00een sprijinul solu\u021bion\u0103rii acestora, pun\u00e2ndu-se accentul pe continuarea colabor\u0103rii ini\u021biate \u00een cadrul proiectului \u201eAzi, copii, m\u00e2ine, cet\u0103\u021beni!\u201d.<\/p>\n<p style=\"text-align: justify;\">\n","protected":false},"excerpt":{"rendered":"<p>Asocia\u021bia de Tineret pentru Dezvoltare Uman\u0103 Gorj a implementat \u00een perioada 01 septembrie 2013 \u2013 28 februarie 2014, proiectul \u201eAzi, copii, m\u00e2ine, cet\u0103\u021beni!\u201d, finan\u0163at de c\u0103tre Comisia European\u0103, prin programul \u201eTineret \u00een ac\u0163iune\u201d, ac\u0163iunea \u201eTineri pentru Europa\u201d, sub-ac\u0163iunea 1.2. \u201eIni\u0163iative ale tinerilor\u201d, \u00een cadrul Apelului lansat de c\u0103tre ANPCDEFP, la 1 mai 2013. Asocia\u021bia de [&hellip;]<\/p>\n","protected":false},"author":1001008,"featured_media":0,"comment_status":"open","ping_status":"open","sticky":false,"template":"","format":"standard","meta":{"ngg_post_thumbnail":0,"footnotes":""},"categories":[1,8],"tags":[550,551],"class_list":["post-7022","post","type-post","status-publish","format-standard","hentry","category-altele","category-proiecte","tag-azi-copii","tag-maine-cetateni"],"_links":{"self":[{"href":"https:\/\/primariarovinari.ro\/old\/wp-json\/wp\/v2\/posts\/7022","targetHints":{"allow":["GET"]}}],"collection":[{"href":"https:\/\/primariarovinari.ro\/old\/wp-json\/wp\/v2\/posts"}],"about":[{"href":"https:\/\/primariarovinari.ro\/old\/wp-json\/wp\/v2\/types\/post"}],"author":[{"embeddable":true,"href":"https:\/\/primariarovinari.ro\/old\/wp-json\/wp\/v2\/users\/1001008"}],"replies":[{"embeddable":true,"href":"https:\/\/primariarovinari.ro\/old\/wp-json\/wp\/v2\/comments?post=7022"}],"version-history":[{"count":0,"href":"https:\/\/primariarovinari.ro\/old\/wp-json\/wp\/v2\/posts\/7022\/revisions"}],"wp:attachment":[{"href":"https:\/\/primariarovinari.ro\/old\/wp-json\/wp\/v2\/media?parent=7022"}],"wp:term":[{"taxonomy":"category","embeddable":true,"href":"https:\/\/primariarovinari.ro\/old\/wp-json\/wp\/v2\/categories?post=7022"},{"taxonomy":"post_tag","embeddable":true,"href":"https:\/\/primariarovinari.ro\/old\/wp-json\/wp\/v2\/tags?post=7022"}],"curies":[{"name":"wp","href":"https:\/\/api.w.org\/{rel}","templated":true}]}}