{"id":698,"date":"2010-03-12T15:28:32","date_gmt":"2010-03-12T13:28:32","guid":{"rendered":"http:\/\/www.primariarovinari.ro\/?p=698"},"modified":"2010-03-23T10:40:55","modified_gmt":"2010-03-23T08:40:55","slug":"drept-la-replica","status":"publish","type":"post","link":"https:\/\/primariarovinari.ro\/old\/2010\/03\/drept-la-replica\/","title":{"rendered":"Drept la replic\u0103"},"content":{"rendered":"<p style=\"text-align: justify;\">Ca urmare a ultimelor articole ap\u0103rute  \u00een cotidianul <em>&#8222;Gorj-Domino&#8221;<\/em>, Prim\u0103ria Rovinari a luat  atitudine, \u015fi a dat un drept la replic\u0103 autorului articolelor.<\/p>\n<p style=\"text-align: justify;\">Institu\u0163ia a luat aceast\u0103 decizie  deoarece autorul a pus \u00eentr-o imagine negativ\u0103 Prim\u0103ria Rovinari, mai  mult dec\u00e2t at\u00e2t informa\u0163iile din cuprinsul articolelor sunt eronate, iar  punctul de vedere al Prim\u0103riei Rovinari nu a fost cerut, a\u015fa cum ar fi  fost corect, normal \u015fi deontologic.<\/p>\n<p style=\"text-align: justify;\">Nu este pentru prima dat\u0103 c\u00e2nd acest  ziar public\u0103 articole f\u0103r\u0103 a verifica veridicitatea celor\u00a0 publicate,  acesta duc\u00e2nd o campanie intensiv\u0103 de denigrare a institu\u0163iei noastre.<\/p>\n<p style=\"text-align: justify;\">Pentru a evita astfel de probleme \u00een  viitor, recomand\u0103m celor de la &#8222;<em>Gorj-Domino&#8221;<\/em> s\u0103 nu ezite \u00een a  solicita un punct de vedere oficial reprezentan\u0163ilor Prim\u0103riei Rovinari.<\/p>\n<p style=\"text-align: center;\"><img decoding=\"async\" src=\"http:\/\/www.primariarovinari.ro\/wp-content\/plugins\/wp-downloadmanager\/images\/ext\/pdf.gif\" alt=\"\" title=\"\" style=\"vertical-align: middle;\" \/>&nbsp;&nbsp;<strong><a href=\"https:\/\/primariarovinari.ro\/old\/download\/pdf_uri\/dreptlareplica.pdf\">Con\u0163inutul dreptului la replic\u0103<\/a><\/strong> (260,7 KiB, 1.491 hits)<br><\/p>\n<p style=\"text-align: center;\">\n","protected":false},"excerpt":{"rendered":"<p>Ca urmare a ultimelor articole ap\u0103rute \u00een cotidianul &#8222;Gorj-Domino&#8221;, Prim\u0103ria Rovinari a luat atitudine, \u015fi a dat un drept la replic\u0103 autorului articolelor. Institu\u0163ia a luat aceast\u0103 decizie deoarece autorul a pus \u00eentr-o imagine negativ\u0103 Prim\u0103ria Rovinari, mai mult dec\u00e2t at\u00e2t informa\u0163iile din cuprinsul articolelor sunt eronate, iar punctul de vedere al Prim\u0103riei Rovinari nu [&hellip;]<\/p>\n","protected":false},"author":1001008,"featured_media":0,"comment_status":"open","ping_status":"open","sticky":false,"template":"","format":"standard","meta":{"ngg_post_thumbnail":0,"footnotes":""},"categories":[3],"tags":[147],"class_list":["post-698","post","type-post","status-publish","format-standard","hentry","category-comunicate-de-presa","tag-replica"],"_links":{"self":[{"href":"https:\/\/primariarovinari.ro\/old\/wp-json\/wp\/v2\/posts\/698","targetHints":{"allow":["GET"]}}],"collection":[{"href":"https:\/\/primariarovinari.ro\/old\/wp-json\/wp\/v2\/posts"}],"about":[{"href":"https:\/\/primariarovinari.ro\/old\/wp-json\/wp\/v2\/types\/post"}],"author":[{"embeddable":true,"href":"https:\/\/primariarovinari.ro\/old\/wp-json\/wp\/v2\/users\/1001008"}],"replies":[{"embeddable":true,"href":"https:\/\/primariarovinari.ro\/old\/wp-json\/wp\/v2\/comments?post=698"}],"version-history":[{"count":0,"href":"https:\/\/primariarovinari.ro\/old\/wp-json\/wp\/v2\/posts\/698\/revisions"}],"wp:attachment":[{"href":"https:\/\/primariarovinari.ro\/old\/wp-json\/wp\/v2\/media?parent=698"}],"wp:term":[{"taxonomy":"category","embeddable":true,"href":"https:\/\/primariarovinari.ro\/old\/wp-json\/wp\/v2\/categories?post=698"},{"taxonomy":"post_tag","embeddable":true,"href":"https:\/\/primariarovinari.ro\/old\/wp-json\/wp\/v2\/tags?post=698"}],"curies":[{"name":"wp","href":"https:\/\/api.w.org\/{rel}","templated":true}]}}