{"id":6788,"date":"2013-12-16T12:47:50","date_gmt":"2013-12-16T10:47:50","guid":{"rendered":"http:\/\/www.primariarovinari.ro\/?p=6788"},"modified":"2014-03-27T12:08:30","modified_gmt":"2014-03-27T10:08:30","slug":"primaria-orasului-rovinari-premiata-din-nou-in-cadrul-galei-concursului-national-de-proiecte-din-administratia-publica-locala","status":"publish","type":"post","link":"https:\/\/primariarovinari.ro\/old\/2013\/12\/primaria-orasului-rovinari-premiata-din-nou-in-cadrul-galei-concursului-national-de-proiecte-din-administratia-publica-locala\/","title":{"rendered":"Prim\u0103ria Ora\u015fului Rovinari premiat\u0103 din nou \u00een cadrul Galei Concursului Na\u0163ional de Proiecte din Administra\u0163ia Public\u0103 Local\u0103"},"content":{"rendered":"<p style=\"text-align: justify;\"><a href=\"http:\/\/www.primariarovinari.ro\/wp-content\/uploads\/2013\/12\/rrapl-brasov-13.jpg\"><img loading=\"lazy\" decoding=\"async\" class=\"alignright size-medium wp-image-6792\" title=\"rrapl brasov 13\" src=\"http:\/\/www.primariarovinari.ro\/wp-content\/uploads\/2013\/12\/rrapl-brasov-13-222x300.jpg\" alt=\"\" width=\"222\" height=\"300\" srcset=\"https:\/\/primariarovinari.ro\/old\/wp-content\/uploads\/2013\/12\/rrapl-brasov-13-222x300.jpg 222w, https:\/\/primariarovinari.ro\/old\/wp-content\/uploads\/2013\/12\/rrapl-brasov-13-758x1024.jpg 758w, https:\/\/primariarovinari.ro\/old\/wp-content\/uploads\/2013\/12\/rrapl-brasov-13.jpg 1024w\" sizes=\"auto, (max-width: 222px) 100vw, 222px\" \/><\/a><a href=\"http:\/\/www.rrapl.ro\/gala-concursului-national-de-proiecte-din-administratia-publica-locala-cele-bune-sa-se-adune-editia-2013\/\" target=\"_blank\">Prim\u0103ria Ora\u015fului Rovinari a fost premiat\u0103 \u00een cadrul Galei Concursului Na\u0163ional de Proiecte din Administra\u0163ia Public\u0103 Local\u0103 \u201eCele bune s\u0103 se-adune!\u201d, edi\u0163ia 2013, pentru cel mai bun proiect la sec\u0163iunea dezvoltare local\u0103, la nivelul regiunii Sud-Vest Oltenia.<\/a><\/p>\n<p style=\"text-align: justify;\">Concursul na\u0163ional de proiecte a avut loc \u00een cadrul Forumului \u00a0Administra\u0163iei Rom\u00e2ne\u015fti, edi\u0163ia a VI-a, ce s-a desf\u0103\u015furat la Bra\u015fov \u00een perioada 12-14 decembrie 2013, iar premiul a fost ridicat de c\u0103tre viceprimarul Ora\u015fului Rovinari \u2013 Chivu Lauren\u0163iu.<\/p>\n<p style=\"text-align: justify;\">Pentru institu\u0163ia noastr\u0103 este al doilea premiu ob\u0163inut \u00een acest an \u015fi al patrulea \u00een ultimii trei ani:<\/p>\n<p style=\"text-align: justify;\">&#8211; \u00een 2011 \u2013 titlul de primarul anului 2011, acordat de Revista Rom\u00e2n\u0103 de Administra\u0163ie Public\u0103 Local\u0103;<\/p>\n<p style=\"text-align: justify;\">&#8211; \u00een 2012 \u2013 cel mai bun proiect edilitar urban din Regiunea SV Oltenia, acordat de Revista Rom\u00e2n\u0103 de Administra\u0163ie Public\u0103 Local\u0103;<\/p>\n<p style=\"text-align: justify;\"><!--more-->&#8211; \u00een octombrie 2013 \u2013 premiu decernat \u00een cadrul Galei Premiilor de Excelen\u0163\u0103 Administra\u0163ie.ro;<\/p>\n<p style=\"text-align: justify;\">&#8211; \u00een decembrie 2013 \u2013 cel mai bun proiect de, dezvoltare local\u0103 din Regiunea SV Oltenia, acordat de Revista Rom\u00e2n\u0103 de Administra\u0163ie Public\u0103 Local\u0103.<\/p>\n<p style=\"text-align: justify;\">Aceste premii vin ca o r\u0103splat\u0103 a muncii depuse de primarul Dorin Filip, Consiliu Local Rovinari \u015fi angaja\u0163i institu\u0163iei.<\/p>\n<p style=\"text-align: justify;\">ngg_shortcode_0_placeholder<\/p>\n<p style=\"text-align: justify;\">\n","protected":false},"excerpt":{"rendered":"<p>Prim\u0103ria Ora\u015fului Rovinari a fost premiat\u0103 \u00een cadrul Galei Concursului Na\u0163ional de Proiecte din Administra\u0163ia Public\u0103 Local\u0103 \u201eCele bune s\u0103 se-adune!\u201d, edi\u0163ia 2013, pentru cel mai bun proiect la sec\u0163iunea dezvoltare local\u0103, la nivelul regiunii Sud-Vest Oltenia. Concursul na\u0163ional de proiecte a avut loc \u00een cadrul Forumului \u00a0Administra\u0163iei Rom\u00e2ne\u015fti, edi\u0163ia a VI-a, ce s-a desf\u0103\u015furat [&hellip;]<\/p>\n","protected":false},"author":1001008,"featured_media":0,"comment_status":"open","ping_status":"open","sticky":false,"template":"","format":"standard","meta":{"ngg_post_thumbnail":0,"footnotes":""},"categories":[538],"tags":[],"class_list":["post-6788","post","type-post","status-publish","format-standard","hentry","category-premii"],"_links":{"self":[{"href":"https:\/\/primariarovinari.ro\/old\/wp-json\/wp\/v2\/posts\/6788","targetHints":{"allow":["GET"]}}],"collection":[{"href":"https:\/\/primariarovinari.ro\/old\/wp-json\/wp\/v2\/posts"}],"about":[{"href":"https:\/\/primariarovinari.ro\/old\/wp-json\/wp\/v2\/types\/post"}],"author":[{"embeddable":true,"href":"https:\/\/primariarovinari.ro\/old\/wp-json\/wp\/v2\/users\/1001008"}],"replies":[{"embeddable":true,"href":"https:\/\/primariarovinari.ro\/old\/wp-json\/wp\/v2\/comments?post=6788"}],"version-history":[{"count":0,"href":"https:\/\/primariarovinari.ro\/old\/wp-json\/wp\/v2\/posts\/6788\/revisions"}],"wp:attachment":[{"href":"https:\/\/primariarovinari.ro\/old\/wp-json\/wp\/v2\/media?parent=6788"}],"wp:term":[{"taxonomy":"category","embeddable":true,"href":"https:\/\/primariarovinari.ro\/old\/wp-json\/wp\/v2\/categories?post=6788"},{"taxonomy":"post_tag","embeddable":true,"href":"https:\/\/primariarovinari.ro\/old\/wp-json\/wp\/v2\/tags?post=6788"}],"curies":[{"name":"wp","href":"https:\/\/api.w.org\/{rel}","templated":true}]}}