{"id":6754,"date":"2013-11-27T10:31:07","date_gmt":"2013-11-27T08:31:07","guid":{"rendered":"http:\/\/www.primariarovinari.ro\/?p=6754"},"modified":"2013-11-27T10:31:36","modified_gmt":"2013-11-27T08:31:36","slug":"duminica-sarbatorim-ziua-nationala-alaturi-de-cetateni-in-centrul-orasului","status":"publish","type":"post","link":"https:\/\/primariarovinari.ro\/old\/2013\/11\/duminica-sarbatorim-ziua-nationala-alaturi-de-cetateni-in-centrul-orasului\/","title":{"rendered":"Duminic\u0103 s\u0103rb\u0103torim Ziua Na\u0163ional\u0103 al\u0103turi de cet\u0103\u0163eni, \u00een centrul ora\u015fului"},"content":{"rendered":"<p style=\"text-align: justify;\"><a href=\"http:\/\/www.primariarovinari.ro\/wp-content\/uploads\/2013\/11\/ziua-nationala.jpg\"><img loading=\"lazy\" decoding=\"async\" class=\"alignright size-medium wp-image-6766\" style=\"margin-top: 5px; margin-bottom: 5px;\" title=\"ziua nationala\" src=\"http:\/\/www.primariarovinari.ro\/wp-content\/uploads\/2013\/11\/ziua-nationala-300x201.jpg\" alt=\"\" width=\"300\" height=\"201\" srcset=\"https:\/\/primariarovinari.ro\/old\/wp-content\/uploads\/2013\/11\/ziua-nationala-300x201.jpg 300w, https:\/\/primariarovinari.ro\/old\/wp-content\/uploads\/2013\/11\/ziua-nationala.jpg 369w\" sizes=\"auto, (max-width: 300px) 100vw, 300px\" \/><\/a>Prim\u0103ria \u015fi Consiliul Local Rovinari v\u0103 a\u015fteapt\u0103 duminic\u0103 1 decembrie 2013, \u00eencep\u00e2nd cu ora 10.30, pe Bulevardul Minerilor pentru a s\u0103rb\u0103torii \u00eempreun\u0103 Ziua Na\u0163ional\u0103 a Rom\u00e2niei.<\/p>\n<p style=\"text-align: justify;\">Cei 95 de ani de la unirea \u00eenf\u0103ptuit\u0103 la Alba Iulia pe 1 decembrie 1918 vor fi marca\u0163i prin: slujb\u0103 religioas\u0103, depuneri de coroane, discursuri privind evenimentul istoric, spectacol folcloric, urmat de fasole cu ciolan, sarmale,\u00a0vin fiert \u015fi \u0163uic\u0103 fiart\u0103.<\/p>\n<p style=\"text-align: justify;\">Tot pe 1 decembrie, de la ora 17.00, va fi pornit \u015fi iluminatul festiv, \u00een cadrul unui concurs de colinde sus\u0163inut pe platoul Casei de Cultur\u0103.<\/p>\n<p style=\"text-align: center;\">V\u0103 a\u015ftept\u0103m !<\/p>\n","protected":false},"excerpt":{"rendered":"<p>Prim\u0103ria \u015fi Consiliul Local Rovinari v\u0103 a\u015fteapt\u0103 duminic\u0103 1 decembrie 2013, \u00eencep\u00e2nd cu ora 10.30, pe Bulevardul Minerilor pentru a s\u0103rb\u0103torii \u00eempreun\u0103 Ziua Na\u0163ional\u0103 a Rom\u00e2niei. Cei 95 de ani de la unirea \u00eenf\u0103ptuit\u0103 la Alba Iulia pe 1 decembrie 1918 vor fi marca\u0163i prin: slujb\u0103 religioas\u0103, depuneri de coroane, discursuri privind evenimentul istoric, spectacol [&hellip;]<\/p>\n","protected":false},"author":1001008,"featured_media":0,"comment_status":"open","ping_status":"open","sticky":false,"template":"","format":"standard","meta":{"ngg_post_thumbnail":0,"footnotes":""},"categories":[9],"tags":[384],"class_list":["post-6754","post","type-post","status-publish","format-standard","hentry","category-anunturi","tag-ziua-nationala-a-romaniei"],"_links":{"self":[{"href":"https:\/\/primariarovinari.ro\/old\/wp-json\/wp\/v2\/posts\/6754","targetHints":{"allow":["GET"]}}],"collection":[{"href":"https:\/\/primariarovinari.ro\/old\/wp-json\/wp\/v2\/posts"}],"about":[{"href":"https:\/\/primariarovinari.ro\/old\/wp-json\/wp\/v2\/types\/post"}],"author":[{"embeddable":true,"href":"https:\/\/primariarovinari.ro\/old\/wp-json\/wp\/v2\/users\/1001008"}],"replies":[{"embeddable":true,"href":"https:\/\/primariarovinari.ro\/old\/wp-json\/wp\/v2\/comments?post=6754"}],"version-history":[{"count":0,"href":"https:\/\/primariarovinari.ro\/old\/wp-json\/wp\/v2\/posts\/6754\/revisions"}],"wp:attachment":[{"href":"https:\/\/primariarovinari.ro\/old\/wp-json\/wp\/v2\/media?parent=6754"}],"wp:term":[{"taxonomy":"category","embeddable":true,"href":"https:\/\/primariarovinari.ro\/old\/wp-json\/wp\/v2\/categories?post=6754"},{"taxonomy":"post_tag","embeddable":true,"href":"https:\/\/primariarovinari.ro\/old\/wp-json\/wp\/v2\/tags?post=6754"}],"curies":[{"name":"wp","href":"https:\/\/api.w.org\/{rel}","templated":true}]}}