{"id":6669,"date":"2013-11-08T09:04:41","date_gmt":"2013-11-08T07:04:41","guid":{"rendered":"http:\/\/www.primariarovinari.ro\/?p=6669"},"modified":"2013-11-08T09:05:10","modified_gmt":"2013-11-08T07:05:10","slug":"saptamana-fructelor-si-legumelor-donate-la-colegiul-%e2%80%9cgheorghe-tatarescu%e2%80%9d","status":"publish","type":"post","link":"https:\/\/primariarovinari.ro\/old\/2013\/11\/saptamana-fructelor-si-legumelor-donate-la-colegiul-%e2%80%9cgheorghe-tatarescu%e2%80%9d\/","title":{"rendered":"Saptam\u00e2na fructelor \u015fi legumelor donate la Colegiul \u201cGheorghe Tatarescu\u201d"},"content":{"rendered":"<p style=\"text-align: justify;\"><a href=\"http:\/\/www.primariarovinari.ro\/wp-content\/uploads\/2013\/11\/liceu-3.jpg\"><img loading=\"lazy\" decoding=\"async\" class=\"alignright size-medium wp-image-6673\" style=\"margin-top: 3px; margin-bottom: 3px;\" title=\"liceu (3)\" src=\"http:\/\/www.primariarovinari.ro\/wp-content\/uploads\/2013\/11\/liceu-3-300x225.jpg\" alt=\"\" width=\"300\" height=\"225\" srcset=\"https:\/\/primariarovinari.ro\/old\/wp-content\/uploads\/2013\/11\/liceu-3-300x225.jpg 300w, https:\/\/primariarovinari.ro\/old\/wp-content\/uploads\/2013\/11\/liceu-3.jpg 1024w\" sizes=\"auto, (max-width: 300px) 100vw, 300px\" \/><\/a>\u00cen perioada 28.10.2013 &#8211; 01.11.2013 s-a derulat campania \u201dSaptam\u00e2na fructelor si legumelor donate\u201d \u00een cadrul Strategiei Nationale de Actiune Comunitara (S.N.A.C), proiect implementat \u00een scoala noastra din anul 2007, av\u00e2nd coordonator pe doamna profesoara Gridan Maria.<\/p>\n<p style=\"text-align: justify;\">\u00cen toata aceasta perioada elevii si profesorii voluntari \u00een numar de 84 au colectat legume si fructe pe care le-au donat copiilor cu CES \u00a0din Casa de Tip Familial \u201eTineretului\u201d Rovinari, precum si unor elevi cu situatie materiala precara din liceu. Scopul acestei campanii este acela de a-i sensibiliza pe elevii si profesorii voluntari fata de cazurile sociale existente.<\/p>\n<p style=\"text-align: justify;\"><!--more-->Profesorii voluntari implicati:\u00a0F\u00e2rta Dumitru, Patrulescu Corina, Popescu Mirabela, Vatau Roxana, T\u00eerca Mihaela, Peptan Daniela, Banete Maria, Negomireanu Irina, Cheana Anca, Rosca Valeria, Visan Camelia.<\/p>\n<p style=\"text-align: justify;\">Reprezentant Primaria Rovinari: Chiru Adina<\/p>\n<p style=\"text-align: justify;\">ngg_shortcode_0_placeholder<\/p>\n","protected":false},"excerpt":{"rendered":"<p>\u00cen perioada 28.10.2013 &#8211; 01.11.2013 s-a derulat campania \u201dSaptam\u00e2na fructelor si legumelor donate\u201d \u00een cadrul Strategiei Nationale de Actiune Comunitara (S.N.A.C), proiect implementat \u00een scoala noastra din anul 2007, av\u00e2nd coordonator pe doamna profesoara Gridan Maria. \u00cen toata aceasta perioada elevii si profesorii voluntari \u00een numar de 84 au colectat legume si fructe pe care [&hellip;]<\/p>\n","protected":false},"author":1001008,"featured_media":0,"comment_status":"open","ping_status":"open","sticky":false,"template":"","format":"standard","meta":{"ngg_post_thumbnail":0,"footnotes":""},"categories":[13],"tags":[535],"class_list":["post-6669","post","type-post","status-publish","format-standard","hentry","category-invatamant","tag-saptamana-fructelor-si-legumelor"],"_links":{"self":[{"href":"https:\/\/primariarovinari.ro\/old\/wp-json\/wp\/v2\/posts\/6669","targetHints":{"allow":["GET"]}}],"collection":[{"href":"https:\/\/primariarovinari.ro\/old\/wp-json\/wp\/v2\/posts"}],"about":[{"href":"https:\/\/primariarovinari.ro\/old\/wp-json\/wp\/v2\/types\/post"}],"author":[{"embeddable":true,"href":"https:\/\/primariarovinari.ro\/old\/wp-json\/wp\/v2\/users\/1001008"}],"replies":[{"embeddable":true,"href":"https:\/\/primariarovinari.ro\/old\/wp-json\/wp\/v2\/comments?post=6669"}],"version-history":[{"count":0,"href":"https:\/\/primariarovinari.ro\/old\/wp-json\/wp\/v2\/posts\/6669\/revisions"}],"wp:attachment":[{"href":"https:\/\/primariarovinari.ro\/old\/wp-json\/wp\/v2\/media?parent=6669"}],"wp:term":[{"taxonomy":"category","embeddable":true,"href":"https:\/\/primariarovinari.ro\/old\/wp-json\/wp\/v2\/categories?post=6669"},{"taxonomy":"post_tag","embeddable":true,"href":"https:\/\/primariarovinari.ro\/old\/wp-json\/wp\/v2\/tags?post=6669"}],"curies":[{"name":"wp","href":"https:\/\/api.w.org\/{rel}","templated":true}]}}