{"id":6655,"date":"2013-10-28T11:48:15","date_gmt":"2013-10-28T09:48:15","guid":{"rendered":"http:\/\/www.primariarovinari.ro\/?p=6655"},"modified":"2013-12-16T12:50:03","modified_gmt":"2013-12-16T10:50:03","slug":"primaria-rovinari-premiata-la-gala-premiilor-de-excelenta-administratie-ro","status":"publish","type":"post","link":"https:\/\/primariarovinari.ro\/old\/2013\/10\/primaria-rovinari-premiata-la-gala-premiilor-de-excelenta-administratie-ro\/","title":{"rendered":"Prim\u0103ria Rovinari premiat\u0103 la Gala Premiilor de Excelen\u0163\u0103 Administra\u0163ie.ro"},"content":{"rendered":"<p style=\"text-align: justify;\"><a href=\"http:\/\/www.primariarovinari.ro\/wp-content\/uploads\/2013\/10\/premiu-primaria-rovinari-3.jpg\"><img loading=\"lazy\" decoding=\"async\" class=\"alignright size-medium wp-image-6659\" title=\"premiu primaria rovinari (3)\" src=\"http:\/\/www.primariarovinari.ro\/wp-content\/uploads\/2013\/10\/premiu-primaria-rovinari-3-225x300.jpg\" alt=\"\" width=\"180\" height=\"240\" srcset=\"https:\/\/primariarovinari.ro\/old\/wp-content\/uploads\/2013\/10\/premiu-primaria-rovinari-3-225x300.jpg 225w, https:\/\/primariarovinari.ro\/old\/wp-content\/uploads\/2013\/10\/premiu-primaria-rovinari-3-768x1024.jpg 768w, https:\/\/primariarovinari.ro\/old\/wp-content\/uploads\/2013\/10\/premiu-primaria-rovinari-3.jpg 1024w\" sizes=\"auto, (max-width: 180px) 100vw, 180px\" \/><\/a>Prim\u0103ria Ora\u015fului Rovinari a fost premiat\u0103 \u00een cadrul &#8222;Galei Premiilor de Excelen\u0163\u0103 Administra\u0163ie.ro&#8221;, Edi\u0163ia a IX-a desf\u0103\u015furat\u0103 la Poiana Bra\u015fov, joi 24 octombrie 2013, de c\u0103tre Portalul Na\u0163ional de Administra\u0163ie Public\u0103 www.administra\u0163ie.ro \u00eempreun\u0103 cu Oameni \u015fi Companii.<\/p>\n<p style=\"text-align: justify;\">Premiul a fost acordat pentru implicarea \u00eentr-o serie de proiecte educa\u0163ionale de amploare na\u0163ional\u0103, precum &#8222;Tineri pentru viitor&#8221;, ateliere de prevenire a delicven\u0163ei juvenile sau proiectul &#8222;Azi copii, m\u00e2ine cet\u0103\u0163eni&#8221;. Premiul a fost ridicat de c\u0103tre viceprimarul Chivu Lauren\u0163iu.<\/p>\n<p style=\"text-align: justify;\">Este al treilea premiu ob\u0163inut de institu\u0163ia noastr\u0103, dup\u0103 cele din anii 2011 \u015fi 2012 acordate de Revista Rom\u00e2n\u0103 de Administra\u0163ie Public\u0103 Local\u0103.<\/p>\n<p style=\"text-align: justify;\"><!--more-->ngg_shortcode_0_placeholder<\/p>\n","protected":false},"excerpt":{"rendered":"<p>Prim\u0103ria Ora\u015fului Rovinari a fost premiat\u0103 \u00een cadrul &#8222;Galei Premiilor de Excelen\u0163\u0103 Administra\u0163ie.ro&#8221;, Edi\u0163ia a IX-a desf\u0103\u015furat\u0103 la Poiana Bra\u015fov, joi 24 octombrie 2013, de c\u0103tre Portalul Na\u0163ional de Administra\u0163ie Public\u0103 www.administra\u0163ie.ro \u00eempreun\u0103 cu Oameni \u015fi Companii. Premiul a fost acordat pentru implicarea \u00eentr-o serie de proiecte educa\u0163ionale de amploare na\u0163ional\u0103, precum &#8222;Tineri pentru viitor&#8221;, [&hellip;]<\/p>\n","protected":false},"author":1001008,"featured_media":0,"comment_status":"open","ping_status":"open","sticky":false,"template":"","format":"standard","meta":{"ngg_post_thumbnail":0,"footnotes":""},"categories":[538],"tags":[534],"class_list":["post-6655","post","type-post","status-publish","format-standard","hentry","category-premii","tag-premiu"],"_links":{"self":[{"href":"https:\/\/primariarovinari.ro\/old\/wp-json\/wp\/v2\/posts\/6655","targetHints":{"allow":["GET"]}}],"collection":[{"href":"https:\/\/primariarovinari.ro\/old\/wp-json\/wp\/v2\/posts"}],"about":[{"href":"https:\/\/primariarovinari.ro\/old\/wp-json\/wp\/v2\/types\/post"}],"author":[{"embeddable":true,"href":"https:\/\/primariarovinari.ro\/old\/wp-json\/wp\/v2\/users\/1001008"}],"replies":[{"embeddable":true,"href":"https:\/\/primariarovinari.ro\/old\/wp-json\/wp\/v2\/comments?post=6655"}],"version-history":[{"count":0,"href":"https:\/\/primariarovinari.ro\/old\/wp-json\/wp\/v2\/posts\/6655\/revisions"}],"wp:attachment":[{"href":"https:\/\/primariarovinari.ro\/old\/wp-json\/wp\/v2\/media?parent=6655"}],"wp:term":[{"taxonomy":"category","embeddable":true,"href":"https:\/\/primariarovinari.ro\/old\/wp-json\/wp\/v2\/categories?post=6655"},{"taxonomy":"post_tag","embeddable":true,"href":"https:\/\/primariarovinari.ro\/old\/wp-json\/wp\/v2\/tags?post=6655"}],"curies":[{"name":"wp","href":"https:\/\/api.w.org\/{rel}","templated":true}]}}