{"id":6636,"date":"2013-10-23T08:04:12","date_gmt":"2013-10-23T06:04:12","guid":{"rendered":"http:\/\/www.primariarovinari.ro\/?p=6636"},"modified":"2013-10-23T08:04:12","modified_gmt":"2013-10-23T06:04:12","slug":"intalnirea-de-lansare-a-proiectului-azi-copii-maine-cetateni","status":"publish","type":"post","link":"https:\/\/primariarovinari.ro\/old\/2013\/10\/intalnirea-de-lansare-a-proiectului-azi-copii-maine-cetateni\/","title":{"rendered":"\u00cent\u00e2lnirea de lansare a Proiectului &#8222;Azi copii, m\u00e2ine cet\u0103\u0163eni !&#8221;"},"content":{"rendered":"<p style=\"text-align: justify;\"><a href=\"http:\/\/www.primariarovinari.ro\/wp-content\/uploads\/2013\/10\/tineri-in-actiune-3.jpg\"><img loading=\"lazy\" decoding=\"async\" class=\"alignright size-medium wp-image-6644\" style=\"margin-top: 3px; margin-bottom: 3px;\" title=\"tineri in actiune (3)\" src=\"http:\/\/www.primariarovinari.ro\/wp-content\/uploads\/2013\/10\/tineri-in-actiune-3-300x200.jpg\" alt=\"\" width=\"300\" height=\"200\" srcset=\"https:\/\/primariarovinari.ro\/old\/wp-content\/uploads\/2013\/10\/tineri-in-actiune-3-300x200.jpg 300w, https:\/\/primariarovinari.ro\/old\/wp-content\/uploads\/2013\/10\/tineri-in-actiune-3.jpg 1024w\" sizes=\"auto, (max-width: 300px) 100vw, 300px\" \/><\/a>Asocia\u021bia de Tineret pentru Dezvoltare Uman\u0103 Gorj va implementa \u00een perioada 01 septembrie 2013 \u2013 28 februarie 2014, proiectul \u201eAzi, copii, m\u00e2ine, cet\u0103\u021beni!\u201d, finan\u0163at de c\u0103tre Comisia European\u0103, prin programul \u201eTineret \u00een ac\u0163iune\u201d, ac\u0163iunea \u201eTineri pentru Europa\u201d, sub-ac\u0163iunea 1.2. \u201eIni\u0163iative ale tinerilor\u201d, \u00een cadrul Apelului lansat de c\u0103tre ANPCDEFP, la 1 mai 2013.<\/p>\n<p style=\"text-align: justify;\">Asocia\u021bia de Tineret pentru Dezvoltare Uman\u0103 Gorj, \u00een calitate de promotor al proiectului mai sus-men\u0163ionat, va fi sprijinit\u0103, \u00een derularea activit\u0103\u0163ilor, de c\u0103tre cei doi parteneri ai s\u0103i, Prim\u0103ria Ora\u0219ului Rovinari \u0219i \u0218coala Gimnazial\u0103 Nr. 1 Rovinari.\u00a0Tema proiectului o reprezint\u0103 informarea tinerilor, de c\u0103tre tineri, asupra unor teme de interes general, \u00een vederea dezvolt\u0103rii personale \u0219i sociale a tuturor participan\u021bilor implica\u0163i.<\/p>\n<p style=\"text-align: justify;\"><strong><!--more-->Obiectivele proiectului constau \u00een:<br \/>\na)<\/strong> Utilizarea rezultatelor tangibile \u0219i intangibile ale proiectului \u00ab Tineri pentru viitor ! \u00bb, (finan\u021bat de c\u0103tre Comisia European\u0103, prin programul \u201eTineret \u00een ac\u0163iune\u201d, ac\u0163iunea \u201eTineri pentru Europa\u201d, sub-ac\u0163iunea 1.2. \u201eIni\u0163iative ale tinerilor\u201d, \u00een cadrul Apelului lansat de c\u0103tre ANPCDEFP, la 1 octombrie 2012), \u00een vederea dezvoltarii abilit\u0103\u0163ilor unui grup de 11 tineri, de a derula sesiuni de informare, bazate pe metodele educa\u021biei non-formale.<\/p>\n<p style=\"text-align: justify;\"><strong>b)<\/strong> Dezvoltarea personal\u0103 \u0219i social\u0103 a unui grup-\u0163int\u0103 de 25 de elevi, din cadrul \u015ecolii cu Gimnaziale Nr. 1 Rovinari, prin organizarea \u015fi implementarea unor sesiuni de informare de interes general \u0219i european, utiliz\u00e2nd metodele educa\u021biei non-formale.<\/p>\n<p style=\"text-align: justify;\"><strong>c)<\/strong> Realizarea unui studiu privind nevoile de dezvoltare social\u0103 \u0219i personal\u0103 a adolescen\u021bilor, prin aplicarea a 100 de chestionare, \u00een r\u00e2ndul elevilor de clasele a VII-a \u0219i a VIII-a.<\/p>\n<p style=\"text-align: justify;\">Vineri, 18 octombrie, a avut loc, la sediul Prim\u0103riei Ora\u0219ului Rovinari, \u00eent\u00e2lnirea de lansare a proiectului \u201eAzi, copii, m\u00e2ine, cet\u0103\u021beni!\u201d.\u00a0La eveniment au participat membrii echipei de proiect, reprezentan\u0163i ai partenerilor (angaja\u0163i ai prim\u0103riei, consilieri locali, elevi din grupul-\u0163int\u0103 desemnat \u00een cadrul sesiunilor de informare), invit\u0103\u0163i din comunitatea local\u0103.\u00a0Cu aceasta ocazie, au fost prezentate organismul finan\u021bator, programul Tineret \u00een Ac\u0163iune, obiectivele \u0219i direc\u021biile de ac\u021biune ale acestuia, precum \u0219i activit\u0103\u021bile prev\u0103zute pentru implementare.\u00a0\u00cent\u00e2lnirea a cotinuat cu dezbateri libere, privind aspectele organizatorice necesare pentru implementarea activit\u0103\u021bilor, pun\u00e2ndu-se accentul pe necesitatea colabor\u0103rii dintre to\u0163i factorii implica\u021bi.<\/p>\n<p style=\"text-align: justify;\">ngg_shortcode_0_placeholder<\/p>\n","protected":false},"excerpt":{"rendered":"<p>Asocia\u021bia de Tineret pentru Dezvoltare Uman\u0103 Gorj va implementa \u00een perioada 01 septembrie 2013 \u2013 28 februarie 2014, proiectul \u201eAzi, copii, m\u00e2ine, cet\u0103\u021beni!\u201d, finan\u0163at de c\u0103tre Comisia European\u0103, prin programul \u201eTineret \u00een ac\u0163iune\u201d, ac\u0163iunea \u201eTineri pentru Europa\u201d, sub-ac\u0163iunea 1.2. \u201eIni\u0163iative ale tinerilor\u201d, \u00een cadrul Apelului lansat de c\u0103tre ANPCDEFP, la 1 mai 2013. Asocia\u021bia de [&hellip;]<\/p>\n","protected":false},"author":1001008,"featured_media":0,"comment_status":"open","ping_status":"open","sticky":false,"template":"","format":"standard","meta":{"ngg_post_thumbnail":0,"footnotes":""},"categories":[8],"tags":[533],"class_list":["post-6636","post","type-post","status-publish","format-standard","hentry","category-proiecte","tag-cetateni-tineri"],"_links":{"self":[{"href":"https:\/\/primariarovinari.ro\/old\/wp-json\/wp\/v2\/posts\/6636","targetHints":{"allow":["GET"]}}],"collection":[{"href":"https:\/\/primariarovinari.ro\/old\/wp-json\/wp\/v2\/posts"}],"about":[{"href":"https:\/\/primariarovinari.ro\/old\/wp-json\/wp\/v2\/types\/post"}],"author":[{"embeddable":true,"href":"https:\/\/primariarovinari.ro\/old\/wp-json\/wp\/v2\/users\/1001008"}],"replies":[{"embeddable":true,"href":"https:\/\/primariarovinari.ro\/old\/wp-json\/wp\/v2\/comments?post=6636"}],"version-history":[{"count":0,"href":"https:\/\/primariarovinari.ro\/old\/wp-json\/wp\/v2\/posts\/6636\/revisions"}],"wp:attachment":[{"href":"https:\/\/primariarovinari.ro\/old\/wp-json\/wp\/v2\/media?parent=6636"}],"wp:term":[{"taxonomy":"category","embeddable":true,"href":"https:\/\/primariarovinari.ro\/old\/wp-json\/wp\/v2\/categories?post=6636"},{"taxonomy":"post_tag","embeddable":true,"href":"https:\/\/primariarovinari.ro\/old\/wp-json\/wp\/v2\/tags?post=6636"}],"curies":[{"name":"wp","href":"https:\/\/api.w.org\/{rel}","templated":true}]}}