{"id":661,"date":"2010-03-10T15:37:59","date_gmt":"2010-03-10T13:37:59","guid":{"rendered":"http:\/\/www.primariarovinari.ro\/?p=661"},"modified":"2010-05-03T20:03:53","modified_gmt":"2010-05-03T18:03:53","slug":"actiune-de-indepartare-a-deseurilor-de-pe-raul-jiu","status":"publish","type":"post","link":"https:\/\/primariarovinari.ro\/old\/2010\/03\/actiune-de-indepartare-a-deseurilor-de-pe-raul-jiu\/","title":{"rendered":"Ac\u0163iune de \u00eendep\u0103rtare a de\u015feurilor de pe r\u00e2ul Jiu"},"content":{"rendered":"<p style=\"text-align: justify;\"><a href=\"http:\/\/www.primariarovinari.ro\/wp-content\/uploads\/2010\/03\/pet2.jpg\"><img loading=\"lazy\" decoding=\"async\" class=\"alignright size-full wp-image-662\" title=\"pet2\" src=\"http:\/\/www.primariarovinari.ro\/wp-content\/uploads\/2010\/03\/pet2.jpg\" alt=\"\" width=\"275\" height=\"207\" srcset=\"https:\/\/primariarovinari.ro\/old\/wp-content\/uploads\/2010\/03\/pet2.jpg 320w, https:\/\/primariarovinari.ro\/old\/wp-content\/uploads\/2010\/03\/pet2-300x225.jpg 300w\" sizes=\"auto, (max-width: 275px) 100vw, 275px\" \/><\/a>Primarul ora\u015fului Rovinari, Dorin Filip,\u00a0 \u00een calitate de pre\u015fedinte al  Comitetului Local  pentru Situa\u0163ii de Urgen\u0163\u0103, a dispus realizarea  lucr\u0103rilor pentru  \u00eendep\u0103rtarea depozitelor de de\u015feuri \u015fi de material  lemnos de pe malurile  \u015fi din albiile cursurilor de ap\u0103 din intravilan,  cu deosebire din  sec\u0163iunile de scurgere ale podurilor \u015fi pode\u0163elor \u015fi  luarea tuturor  m\u0103surilor pentru a evita producerea de evenimente care  s\u0103 pun\u0103 \u00een  pericol popula\u0163ia, construc\u0163iile sau mediul. Astfel, miercuri 10 martie, mai mul\u0163i angaja\u0163i ai Societ\u0103\u0163ii Ap\u0103 Canal   \u015fi Salubritate, lucr\u0103torii de la Spa\u0163ii Verzi, \u00eempreun\u0103 cu cei de la  Protec\u0163ie Civil\u0103 s-au  deplasat \u00een zona barajului Rovinari (amplasat pe  r\u00e2ul Jiu) \u015fi au cur\u0103\u0163at  at\u00e2t albia c\u00e2t \u015fi cele dou\u0103 maluri de PET-uri  \u015fi material lemnos, care, prin antrenare, puteau obtura sec\u0163iunea de  scurgere a  apei, conduc\u00e2nd la producerea de pagube materiale. Ac\u0163iunea  de cur\u0103\u0163are va continua \u015fi \u00een zilele de 11 \u015fi 12 martie 2010.<\/p>\n<p style=\"text-align: justify;\"><!--more--><a href=\"http:\/\/www.primariarovinari.ro\/wp-content\/uploads\/2010\/03\/pet.jpg\"><img loading=\"lazy\" decoding=\"async\" class=\"alignleft size-full wp-image-664\" title=\"pet\" src=\"http:\/\/www.primariarovinari.ro\/wp-content\/uploads\/2010\/03\/pet.jpg\" alt=\"\" width=\"275\" height=\"207\" srcset=\"https:\/\/primariarovinari.ro\/old\/wp-content\/uploads\/2010\/03\/pet.jpg 320w, https:\/\/primariarovinari.ro\/old\/wp-content\/uploads\/2010\/03\/pet-300x225.jpg 300w\" sizes=\"auto, (max-width: 275px) 100vw, 275px\" \/><\/a>Prim\u0103ria Rovinari nu a f\u0103cut altceva  dec\u00e2t s\u0103 respecte solicit\u0103riile din adresa nr. 20272\/DC\/03.03.2010, a  Comitetului Ministerial pentru Situa\u0163ii de Urgen\u0163\u0103 din cadrul Ministerul  Mediului \u015fi Dezvolt\u0103rii Durabile, evit\u00e2nd astfel sanc\u0163iunile  reprezentan\u0163ilor Ministerului Mediului \u015fi Dezvolt\u0103rii Drabile, G\u0103rzii  Na\u0163ionale de Mediu, Ministerului Administra\u0163iei \u015fi Internelor,  Inspectoratului General pentru Situa\u0163ii de Urgen\u0163\u0103 \u015fi Consiliului  Jude\u0163ean.<\/p>\n<p style=\"text-align: justify;\">\n<p style=\"text-align: justify;\">\n<p style=\"text-align: justify;\">\n<p><a href=\"http:\/\/www.primariarovinari.ro\/wp-content\/uploads\/2010\/03\/peturi.jpg\"><img loading=\"lazy\" decoding=\"async\" class=\"size-full wp-image-666 alignnone\" title=\"peturi\" src=\"http:\/\/www.primariarovinari.ro\/wp-content\/uploads\/2010\/03\/peturi.jpg\" alt=\"\" width=\"500\" height=\"375\" srcset=\"https:\/\/primariarovinari.ro\/old\/wp-content\/uploads\/2010\/03\/peturi.jpg 500w, https:\/\/primariarovinari.ro\/old\/wp-content\/uploads\/2010\/03\/peturi-300x225.jpg 300w\" sizes=\"auto, (max-width: 500px) 100vw, 500px\" \/><\/a><\/p>\n","protected":false},"excerpt":{"rendered":"<p>Primarul ora\u015fului Rovinari, Dorin Filip,\u00a0 \u00een calitate de pre\u015fedinte al Comitetului Local pentru Situa\u0163ii de Urgen\u0163\u0103, a dispus realizarea lucr\u0103rilor pentru \u00eendep\u0103rtarea depozitelor de de\u015feuri \u015fi de material lemnos de pe malurile \u015fi din albiile cursurilor de ap\u0103 din intravilan, cu deosebire din sec\u0163iunile de scurgere ale podurilor \u015fi pode\u0163elor \u015fi luarea tuturor m\u0103surilor pentru [&hellip;]<\/p>\n","protected":false},"author":1001008,"featured_media":0,"comment_status":"open","ping_status":"open","sticky":false,"template":"","format":"standard","meta":{"ngg_post_thumbnail":0,"footnotes":""},"categories":[4],"tags":[137,135,136],"class_list":["post-661","post","type-post","status-publish","format-standard","hentry","category-informatii-locale","tag-curatare","tag-deseuri","tag-pet-uri"],"_links":{"self":[{"href":"https:\/\/primariarovinari.ro\/old\/wp-json\/wp\/v2\/posts\/661","targetHints":{"allow":["GET"]}}],"collection":[{"href":"https:\/\/primariarovinari.ro\/old\/wp-json\/wp\/v2\/posts"}],"about":[{"href":"https:\/\/primariarovinari.ro\/old\/wp-json\/wp\/v2\/types\/post"}],"author":[{"embeddable":true,"href":"https:\/\/primariarovinari.ro\/old\/wp-json\/wp\/v2\/users\/1001008"}],"replies":[{"embeddable":true,"href":"https:\/\/primariarovinari.ro\/old\/wp-json\/wp\/v2\/comments?post=661"}],"version-history":[{"count":0,"href":"https:\/\/primariarovinari.ro\/old\/wp-json\/wp\/v2\/posts\/661\/revisions"}],"wp:attachment":[{"href":"https:\/\/primariarovinari.ro\/old\/wp-json\/wp\/v2\/media?parent=661"}],"wp:term":[{"taxonomy":"category","embeddable":true,"href":"https:\/\/primariarovinari.ro\/old\/wp-json\/wp\/v2\/categories?post=661"},{"taxonomy":"post_tag","embeddable":true,"href":"https:\/\/primariarovinari.ro\/old\/wp-json\/wp\/v2\/tags?post=661"}],"curies":[{"name":"wp","href":"https:\/\/api.w.org\/{rel}","templated":true}]}}