{"id":6570,"date":"2013-10-14T09:22:56","date_gmt":"2013-10-14T07:22:56","guid":{"rendered":"http:\/\/www.primariarovinari.ro\/?p=6570"},"modified":"2013-10-14T09:36:20","modified_gmt":"2013-10-14T07:36:20","slug":"primaria-rovinari-in-doliu-dupa-moartea-colegului-stancu-petre","status":"publish","type":"post","link":"https:\/\/primariarovinari.ro\/old\/2013\/10\/primaria-rovinari-in-doliu-dupa-moartea-colegului-stancu-petre\/","title":{"rendered":"Prim\u0103ria Rovinari \u00een doliu, dup\u0103 moartea colegului Stancu Petre"},"content":{"rendered":"<p style=\"text-align: justify;\">Membrii Consiliului Local Rovinari \u0219i angaja\u021bi ai Prim\u0103riei Rovinari, cu to\u021bii depl\u00e2ngem moartea destul de timpurie a colegului nostru Petre Stancu.<\/p>\n<p style=\"text-align: justify;\">\u00cen acest moment, destul de trist pentru familie \u0219i prieteni, transmitem condolean\u021bele noastre tuturor celor care l-au cunoscut.<\/p>\n<p style=\"text-align: justify;\">Acum, c\u00e2nd cuvintele sunt de prisos, ne rug\u0103m \u00eempreun\u0103 ca Dumnezeu s\u0103-l ierte.<\/p>\n<p style=\"text-align: center;\">Dumnezeu s\u0103-l odihneasc\u0103-n pace !<\/p>\n","protected":false},"excerpt":{"rendered":"<p>Membrii Consiliului Local Rovinari \u0219i angaja\u021bi ai Prim\u0103riei Rovinari, cu to\u021bii depl\u00e2ngem moartea destul de timpurie a colegului nostru Petre Stancu. \u00cen acest moment, destul de trist pentru familie \u0219i prieteni, transmitem condolean\u021bele noastre tuturor celor care l-au cunoscut. Acum, c\u00e2nd cuvintele sunt de prisos, ne rug\u0103m \u00eempreun\u0103 ca Dumnezeu s\u0103-l ierte. Dumnezeu s\u0103-l odihneasc\u0103-n [&hellip;]<\/p>\n","protected":false},"author":1001008,"featured_media":0,"comment_status":"open","ping_status":"open","sticky":false,"template":"","format":"standard","meta":{"ngg_post_thumbnail":0,"footnotes":""},"categories":[3],"tags":[530],"class_list":["post-6570","post","type-post","status-publish","format-standard","hentry","category-comunicate-de-presa","tag-mesaj-de-condoleante"],"_links":{"self":[{"href":"https:\/\/primariarovinari.ro\/old\/wp-json\/wp\/v2\/posts\/6570","targetHints":{"allow":["GET"]}}],"collection":[{"href":"https:\/\/primariarovinari.ro\/old\/wp-json\/wp\/v2\/posts"}],"about":[{"href":"https:\/\/primariarovinari.ro\/old\/wp-json\/wp\/v2\/types\/post"}],"author":[{"embeddable":true,"href":"https:\/\/primariarovinari.ro\/old\/wp-json\/wp\/v2\/users\/1001008"}],"replies":[{"embeddable":true,"href":"https:\/\/primariarovinari.ro\/old\/wp-json\/wp\/v2\/comments?post=6570"}],"version-history":[{"count":0,"href":"https:\/\/primariarovinari.ro\/old\/wp-json\/wp\/v2\/posts\/6570\/revisions"}],"wp:attachment":[{"href":"https:\/\/primariarovinari.ro\/old\/wp-json\/wp\/v2\/media?parent=6570"}],"wp:term":[{"taxonomy":"category","embeddable":true,"href":"https:\/\/primariarovinari.ro\/old\/wp-json\/wp\/v2\/categories?post=6570"},{"taxonomy":"post_tag","embeddable":true,"href":"https:\/\/primariarovinari.ro\/old\/wp-json\/wp\/v2\/tags?post=6570"}],"curies":[{"name":"wp","href":"https:\/\/api.w.org\/{rel}","templated":true}]}}