{"id":6517,"date":"2013-10-04T09:18:43","date_gmt":"2013-10-04T07:18:43","guid":{"rendered":"http:\/\/www.primariarovinari.ro\/?p=6517"},"modified":"2013-10-23T08:05:34","modified_gmt":"2013-10-23T06:05:34","slug":"persoanele-varstnice-din-rovinari-aniversate-si-in-acest-an-de-autoritati","status":"publish","type":"post","link":"https:\/\/primariarovinari.ro\/old\/2013\/10\/persoanele-varstnice-din-rovinari-aniversate-si-in-acest-an-de-autoritati\/","title":{"rendered":"Persoanele v\u00e2rstnice din Rovinari aniversate \u015fi \u00een acest an de autorit\u0103\u0163i"},"content":{"rendered":"<p style=\"text-align: justify;\"><a href=\"http:\/\/youtu.be\/w8_zu9s6F80\" target=\"_blank\"><img loading=\"lazy\" decoding=\"async\" class=\"alignright size-medium wp-image-6519\" style=\"margin-top: 1px; margin-bottom: 1px;\" title=\"ziua varstnicilor (3)\" src=\"http:\/\/www.primariarovinari.ro\/wp-content\/uploads\/2013\/10\/ziua-varstnicilor-3-300x200.jpg\" alt=\"\" width=\"300\" height=\"200\" srcset=\"https:\/\/primariarovinari.ro\/old\/wp-content\/uploads\/2013\/10\/ziua-varstnicilor-3-300x200.jpg 300w, https:\/\/primariarovinari.ro\/old\/wp-content\/uploads\/2013\/10\/ziua-varstnicilor-3.jpg 1024w\" sizes=\"auto, (max-width: 300px) 100vw, 300px\" \/><\/a>A devenit o tradi\u0163ie pentru Prim\u0103ria \u015fi Consiliul Local Rovinari, Casa de Cultur\u0103 \u015fi Biblioteca Ora\u015fului Rovinari, s\u0103 organizeze \u00een prima zi a lunii octombrie a fiec\u0103rui an, Manifestarea Cultural-artistic\u0103 \u201eZiua Interna\u0163ional\u0103 a Persoanelor V\u00e2rstnice\u201d.<\/p>\n<p style=\"text-align: justify;\">\u00cen acest sens au fost organizate pentru persoanele v\u00e2rstnice din Ora\u015ful Rovinari o serie de activit\u0103\u0163i \u00a0cultural-artistice \u015fi destindere.\u00a0Prin urmare, \u00een cinstea lor, a fost organizat\u0103 o mas\u0103 festiv\u0103, un program artistic de muzic\u0103 popular\u0103 sus\u0163inut de interpretul Dumitru Vasilescu.<\/p>\n<p style=\"text-align: justify;\"><!--more--><a href=\"http:\/\/www.primariarovinari.ro\/wp-content\/uploads\/2013\/10\/ziua-varstnicilor-7.jpg\"><img loading=\"lazy\" decoding=\"async\" class=\"alignleft size-medium wp-image-6531\" style=\"margin-top: 5px; margin-bottom: 5px;\" title=\"ziua varstnicilor (7)\" src=\"http:\/\/www.primariarovinari.ro\/wp-content\/uploads\/2013\/10\/ziua-varstnicilor-7-300x200.jpg\" alt=\"\" width=\"300\" height=\"200\" srcset=\"https:\/\/primariarovinari.ro\/old\/wp-content\/uploads\/2013\/10\/ziua-varstnicilor-7-300x200.jpg 300w, https:\/\/primariarovinari.ro\/old\/wp-content\/uploads\/2013\/10\/ziua-varstnicilor-7.jpg 1024w\" sizes=\"auto, (max-width: 300px) 100vw, 300px\" \/><\/a>De asemenea, pentru persoanele invitate a fost organizat\u0103 o tombol\u0103 cu premii \u00een produse electronice\/electrocasnice, ocazie cu care a primit fiecare cate un premiu. Au fost acordate ca premii \u00een cadrul tombolei urm\u0103toarele produse: fiare de c\u0103lcat, mixere, sandwich maker, pr\u0103jitoare de p\u00e2ine, seturi de c\u0103ni, ceasuri de perete, oliviere, seturi de cu\u0163ite de buc\u0103t\u0103rie, seturi de vase, seturi de pahare \u015fi ustensile de g\u0103tit.<\/p>\n<p style=\"text-align: justify;\">Pe l\u00e2ng\u0103 surprizele oferite, doamna Simulescu Frusina a avut parte de un cadou special. \u015etiind dorin\u0163a acesteia pentru un c\u0103rucior cu rotile, manifestat\u0103 \u00een timpul audien\u0163elor sus\u0163inute de primarul Dorin Filip, Centrul de Informare a Cet\u0103\u0163enilor a luat leg\u0103tura cu Asocia\u0163ia Motivation din Severin, care i-a oferit b\u0103tr\u00e2nei \u00een v\u00e2rst\u0103 de 82 de ani un c\u0103rucior cu rotile gratuit.<\/p>\n<p style=\"text-align: justify;\">Distrac\u0163ia \u015fi voia bun\u0103 au predominat pe \u00eentreg parcursul evenimentului, iar pentru c\u00e2teva ore cei prezen\u0163i au l\u0103sat grijile deoparte \u015fi problemele de zi cu zi.<\/p>\n<p style=\"text-align: justify;\">\n<p style=\"text-align: justify;\">ngg_shortcode_0_placeholder<\/p>\n","protected":false},"excerpt":{"rendered":"<p>A devenit o tradi\u0163ie pentru Prim\u0103ria \u015fi Consiliul Local Rovinari, Casa de Cultur\u0103 \u015fi Biblioteca Ora\u015fului Rovinari, s\u0103 organizeze \u00een prima zi a lunii octombrie a fiec\u0103rui an, Manifestarea Cultural-artistic\u0103 \u201eZiua Interna\u0163ional\u0103 a Persoanelor V\u00e2rstnice\u201d. \u00cen acest sens au fost organizate pentru persoanele v\u00e2rstnice din Ora\u015ful Rovinari o serie de activit\u0103\u0163i \u00a0cultural-artistice \u015fi destindere.\u00a0Prin urmare, [&hellip;]<\/p>\n","protected":false},"author":1001008,"featured_media":0,"comment_status":"open","ping_status":"open","sticky":false,"template":"","format":"standard","meta":{"ngg_post_thumbnail":0,"footnotes":""},"categories":[4],"tags":[19],"class_list":["post-6517","post","type-post","status-publish","format-standard","hentry","category-informatii-locale","tag-ziua-varstnicilor"],"_links":{"self":[{"href":"https:\/\/primariarovinari.ro\/old\/wp-json\/wp\/v2\/posts\/6517","targetHints":{"allow":["GET"]}}],"collection":[{"href":"https:\/\/primariarovinari.ro\/old\/wp-json\/wp\/v2\/posts"}],"about":[{"href":"https:\/\/primariarovinari.ro\/old\/wp-json\/wp\/v2\/types\/post"}],"author":[{"embeddable":true,"href":"https:\/\/primariarovinari.ro\/old\/wp-json\/wp\/v2\/users\/1001008"}],"replies":[{"embeddable":true,"href":"https:\/\/primariarovinari.ro\/old\/wp-json\/wp\/v2\/comments?post=6517"}],"version-history":[{"count":0,"href":"https:\/\/primariarovinari.ro\/old\/wp-json\/wp\/v2\/posts\/6517\/revisions"}],"wp:attachment":[{"href":"https:\/\/primariarovinari.ro\/old\/wp-json\/wp\/v2\/media?parent=6517"}],"wp:term":[{"taxonomy":"category","embeddable":true,"href":"https:\/\/primariarovinari.ro\/old\/wp-json\/wp\/v2\/categories?post=6517"},{"taxonomy":"post_tag","embeddable":true,"href":"https:\/\/primariarovinari.ro\/old\/wp-json\/wp\/v2\/tags?post=6517"}],"curies":[{"name":"wp","href":"https:\/\/api.w.org\/{rel}","templated":true}]}}