{"id":650,"date":"2010-03-05T14:25:36","date_gmt":"2010-03-05T12:25:36","guid":{"rendered":"http:\/\/www.primariarovinari.ro\/?p=650"},"modified":"2010-03-22T19:28:41","modified_gmt":"2010-03-22T17:28:41","slug":"primaria-rovinari-organizeaza-un-spectacol-folcloric-duminica-7-martie-la-casa-de-cultura","status":"publish","type":"post","link":"https:\/\/primariarovinari.ro\/old\/2010\/03\/primaria-rovinari-organizeaza-un-spectacol-folcloric-duminica-7-martie-la-casa-de-cultura\/","title":{"rendered":"Prim\u0103ria Rovinari organizeaz\u0103 un spectacol folcloric duminic\u0103 7 martie la Casa de Cultur\u0103"},"content":{"rendered":"<p style=\"text-align: justify;\"><a href=\"http:\/\/www.primariarovinari.ro\/wp-content\/uploads\/2010\/03\/ghioceideziuata.jpg\"><img loading=\"lazy\" decoding=\"async\" class=\"alignright size-full wp-image-651\" title=\"ghioceideziuata\" src=\"http:\/\/www.primariarovinari.ro\/wp-content\/uploads\/2010\/03\/ghioceideziuata.jpg\" alt=\"\" width=\"275\" height=\"183\" srcset=\"https:\/\/primariarovinari.ro\/old\/wp-content\/uploads\/2010\/03\/ghioceideziuata.jpg 320w, https:\/\/primariarovinari.ro\/old\/wp-content\/uploads\/2010\/03\/ghioceideziuata-300x198.jpg 300w\" sizes=\"auto, (max-width: 275px) 100vw, 275px\" \/><\/a>Consiliul   Local \u015fi Prim\u0103ria Ora\u015fului Rovinari \u00eempreun\u0103 cu Casa de   Cultur\u0103 \u015fi   Biblioteca ora\u015fului Rovinari organizeaz\u0103 duminic\u0103 7 martie   2010 cu   \u00eencepere de la ora 18.00 un spectacol folcloric cu invita\u0163i  surpriz\u0103. Spectacolul se intituleaz\u0103  \u201eGhiocei de   Ziua Ta\u201d \u015fi va avea  loc la  Casa de   Cultur\u0103 a Sindicatelor Rovinari.\u00a0 Evenimentul const\u0103  \u00eentr-un program artistic \u015fi   spectacol folcloric  dedicat zilei  interna\u0163ionale a femeii. Intrarea va fi liber\u0103 \u00een limita    locurilor  din sal\u0103.<\/p>\n<p style=\"text-align: center;\"><strong>Doamnele \u015fi   domni\u015foarele au  prioritate.<\/strong><br \/>\nV\u0103  a\u015ftept\u0103m cu pl\u0103cere !<\/p>\n","protected":false},"excerpt":{"rendered":"<p>Consiliul Local \u015fi Prim\u0103ria Ora\u015fului Rovinari \u00eempreun\u0103 cu Casa de Cultur\u0103 \u015fi Biblioteca ora\u015fului Rovinari organizeaz\u0103 duminic\u0103 7 martie 2010 cu \u00eencepere de la ora 18.00 un spectacol folcloric cu invita\u0163i surpriz\u0103. Spectacolul se intituleaz\u0103 \u201eGhiocei de Ziua Ta\u201d \u015fi va avea loc la Casa de Cultur\u0103 a Sindicatelor Rovinari.\u00a0 Evenimentul const\u0103 \u00eentr-un program artistic [&hellip;]<\/p>\n","protected":false},"author":1001008,"featured_media":0,"comment_status":"open","ping_status":"open","sticky":false,"template":"","format":"standard","meta":{"ngg_post_thumbnail":0,"footnotes":""},"categories":[9],"tags":[133,132],"class_list":["post-650","post","type-post","status-publish","format-standard","hentry","category-anunturi","tag-folcloric","tag-spectacol"],"_links":{"self":[{"href":"https:\/\/primariarovinari.ro\/old\/wp-json\/wp\/v2\/posts\/650","targetHints":{"allow":["GET"]}}],"collection":[{"href":"https:\/\/primariarovinari.ro\/old\/wp-json\/wp\/v2\/posts"}],"about":[{"href":"https:\/\/primariarovinari.ro\/old\/wp-json\/wp\/v2\/types\/post"}],"author":[{"embeddable":true,"href":"https:\/\/primariarovinari.ro\/old\/wp-json\/wp\/v2\/users\/1001008"}],"replies":[{"embeddable":true,"href":"https:\/\/primariarovinari.ro\/old\/wp-json\/wp\/v2\/comments?post=650"}],"version-history":[{"count":0,"href":"https:\/\/primariarovinari.ro\/old\/wp-json\/wp\/v2\/posts\/650\/revisions"}],"wp:attachment":[{"href":"https:\/\/primariarovinari.ro\/old\/wp-json\/wp\/v2\/media?parent=650"}],"wp:term":[{"taxonomy":"category","embeddable":true,"href":"https:\/\/primariarovinari.ro\/old\/wp-json\/wp\/v2\/categories?post=650"},{"taxonomy":"post_tag","embeddable":true,"href":"https:\/\/primariarovinari.ro\/old\/wp-json\/wp\/v2\/tags?post=650"}],"curies":[{"name":"wp","href":"https:\/\/api.w.org\/{rel}","templated":true}]}}