{"id":6498,"date":"2013-10-03T08:51:47","date_gmt":"2013-10-03T06:51:47","guid":{"rendered":"http:\/\/www.primariarovinari.ro\/?p=6498"},"modified":"2013-10-03T08:55:14","modified_gmt":"2013-10-03T06:55:14","slug":"editia-a-ii-a-a-festivalului-copiilor-domnica-trop-sambata-12-10-2013","status":"publish","type":"post","link":"https:\/\/primariarovinari.ro\/old\/2013\/10\/editia-a-ii-a-a-festivalului-copiilor-domnica-trop-sambata-12-10-2013\/","title":{"rendered":"Edi\u0163ia a II-a a Festivalului Copiilor &#8222;Domnica Trop&#8221; &#8211; s\u00e2mb\u0103t\u0103 12.10.2013"},"content":{"rendered":"<p style=\"text-align: justify;\"><a href=\"http:\/\/www.primariarovinari.ro\/wp-content\/uploads\/2013\/10\/domnica-trop.jpg\"><img loading=\"lazy\" decoding=\"async\" class=\"alignright size-medium wp-image-6502\" style=\"margin-top: 5px; margin-bottom: 5px;\" title=\"domnica trop\" src=\"http:\/\/www.primariarovinari.ro\/wp-content\/uploads\/2013\/10\/domnica-trop-300x200.jpg\" alt=\"\" width=\"300\" height=\"200\" srcset=\"https:\/\/primariarovinari.ro\/old\/wp-content\/uploads\/2013\/10\/domnica-trop-300x200.jpg 300w, https:\/\/primariarovinari.ro\/old\/wp-content\/uploads\/2013\/10\/domnica-trop.jpg 792w\" sizes=\"auto, (max-width: 300px) 100vw, 300px\" \/><\/a>Prim\u0103ria \u015fi Consiliul Local Rovinari, Muzeul Jude\u0163ean Gorj &#8222;Alexandru \u015etefulescu&#8221;, Casa de Cultur\u0103 a Ora\u015fului Rovinari, Asocia\u0163ia Cultural\u0103 &#8222;Dorule\u0163 din Rom\u00e2nia&#8221; v\u0103 invit\u0103 s\u00e2mb\u0103t\u0103 12 octombrie 2013, \u00eencep\u00e2nd cu ora 12.00 la Sala de Festivit\u0103\u0163i &#8222;President&#8221; din Ora\u015ful Rovinari Jude\u0163ul Gorj.<\/p>\n<p style=\"text-align: justify;\">\u00censcrierea concuren\u0163ilor, cu v\u00e2rste cuprinse \u00eentre 7 \u015fi 14 ani, se va face la Muzeul Jude\u0163ean Gorj (l\u00e2ng\u0103 Tribunalul Gorj), la Televiziunea &#8222;Datina&#8221; Turnu Severin \u015fi la Casa de Cultur\u0103 Rovinari (sediul prim\u0103riei), \u00eentre 27 septembrie 2013, ora 10.00 \u015fi 09 octombrie 2013, ora 15.00.<\/p>\n<p style=\"text-align: justify;\"><!--more-->Pre\u015fedintele de onoare al festivalului: Domnica Trop;<\/p>\n<p style=\"text-align: justify;\">Pre\u015fedintele Juriului: Prof. Nina Predescu;<\/p>\n<p style=\"text-align: justify;\">\u00cen recital: Domnica Trop, Nina Predescu, Oana P\u00e2rvan, Ion Dr\u0103gan, Maria Corlan Mischie, Sofia Ple\u015fu, Cristiana Soreanu, Roxana Croitoru, Luiza Ciudin, Adriana Soreanu, Ionu\u0163 R\u0103ducanu.<\/p>\n<p style=\"text-align: center;\">Realizator: Dorin Brozb\u0103.<\/p>\n<p style=\"text-align: center;\">Parteneri media: N-SAT TV T\u00c2RGU JIU, DATINA TV TURNU SEVERIN.<\/p>\n<p style=\"text-align: right;\"><em>Foto: Cotidianul Gorjeanul<\/em><\/p>\n","protected":false},"excerpt":{"rendered":"<p>Prim\u0103ria \u015fi Consiliul Local Rovinari, Muzeul Jude\u0163ean Gorj &#8222;Alexandru \u015etefulescu&#8221;, Casa de Cultur\u0103 a Ora\u015fului Rovinari, Asocia\u0163ia Cultural\u0103 &#8222;Dorule\u0163 din Rom\u00e2nia&#8221; v\u0103 invit\u0103 s\u00e2mb\u0103t\u0103 12 octombrie 2013, \u00eencep\u00e2nd cu ora 12.00 la Sala de Festivit\u0103\u0163i &#8222;President&#8221; din Ora\u015ful Rovinari Jude\u0163ul Gorj. \u00censcrierea concuren\u0163ilor, cu v\u00e2rste cuprinse \u00eentre 7 \u015fi 14 ani, se va face la [&hellip;]<\/p>\n","protected":false},"author":1001008,"featured_media":0,"comment_status":"open","ping_status":"open","sticky":false,"template":"","format":"standard","meta":{"ngg_post_thumbnail":0,"footnotes":""},"categories":[9],"tags":[],"class_list":["post-6498","post","type-post","status-publish","format-standard","hentry","category-anunturi"],"_links":{"self":[{"href":"https:\/\/primariarovinari.ro\/old\/wp-json\/wp\/v2\/posts\/6498","targetHints":{"allow":["GET"]}}],"collection":[{"href":"https:\/\/primariarovinari.ro\/old\/wp-json\/wp\/v2\/posts"}],"about":[{"href":"https:\/\/primariarovinari.ro\/old\/wp-json\/wp\/v2\/types\/post"}],"author":[{"embeddable":true,"href":"https:\/\/primariarovinari.ro\/old\/wp-json\/wp\/v2\/users\/1001008"}],"replies":[{"embeddable":true,"href":"https:\/\/primariarovinari.ro\/old\/wp-json\/wp\/v2\/comments?post=6498"}],"version-history":[{"count":0,"href":"https:\/\/primariarovinari.ro\/old\/wp-json\/wp\/v2\/posts\/6498\/revisions"}],"wp:attachment":[{"href":"https:\/\/primariarovinari.ro\/old\/wp-json\/wp\/v2\/media?parent=6498"}],"wp:term":[{"taxonomy":"category","embeddable":true,"href":"https:\/\/primariarovinari.ro\/old\/wp-json\/wp\/v2\/categories?post=6498"},{"taxonomy":"post_tag","embeddable":true,"href":"https:\/\/primariarovinari.ro\/old\/wp-json\/wp\/v2\/tags?post=6498"}],"curies":[{"name":"wp","href":"https:\/\/api.w.org\/{rel}","templated":true}]}}