{"id":6445,"date":"2013-09-24T09:23:42","date_gmt":"2013-09-24T07:23:42","guid":{"rendered":"http:\/\/www.primariarovinari.ro\/?p=6445"},"modified":"2013-09-26T10:14:34","modified_gmt":"2013-09-26T08:14:34","slug":"ziua-internationala-a-persoanelor-varstnice-rovinari-2013","status":"publish","type":"post","link":"https:\/\/primariarovinari.ro\/old\/2013\/09\/ziua-internationala-a-persoanelor-varstnice-rovinari-2013\/","title":{"rendered":"Ziua Interna\u021bional\u0103 a Persoanelor V\u00e2rstnice, Rovinari 2013"},"content":{"rendered":"<p><a href=\"http:\/\/www.primariarovinari.ro\/wp-content\/uploads\/2013\/09\/545762_506032362757625_793370630_n_resize.jpg\"><img loading=\"lazy\" decoding=\"async\" class=\"alignright size-medium wp-image-6446\" title=\"545762_506032362757625_793370630_n_resize\" src=\"http:\/\/www.primariarovinari.ro\/wp-content\/uploads\/2013\/09\/545762_506032362757625_793370630_n_resize-300x200.jpg\" alt=\"\" width=\"300\" height=\"200\" srcset=\"https:\/\/primariarovinari.ro\/old\/wp-content\/uploads\/2013\/09\/545762_506032362757625_793370630_n_resize-300x200.jpg 300w, https:\/\/primariarovinari.ro\/old\/wp-content\/uploads\/2013\/09\/545762_506032362757625_793370630_n_resize.jpg 1024w\" sizes=\"auto, (max-width: 300px) 100vw, 300px\" \/><\/a><\/p>\n<div id=\"_mcePaste\" style=\"text-align: justify;\">Consiliul Local Rovinari, \u00eempreun\u0103 cu Prim\u0103ria, Casa de Cultur\u0103 \u0219i Biblioteca Rovinari, organizeaz\u0103 manifestarea cultural\u0103 intitulat\u0103 \u201cZiua Interna\u021bional\u0103 a Persoanelor V\u00e2rstnice, Rovinari 2013\u201d.<\/div>\n<div id=\"_mcePaste\" style=\"text-align: justify;\">Aceasta va avea loc \u00een data de 01.10.2013, \u00eencep\u00e2nd cu orele 13:00. Vor fi invitate s\u0103 participe persoanele cu v\u00e2rsta de peste \u0219aizeci ani.<\/div>\n<p>Invita\u021biile pentru aceast\u0103 manifestare vor fi ridicate de la sediul Prim\u0103riei ora\u0219ului Rovinari \u2013 Serviciul Public de Asisten\u021b\u0103 Social\u0103.<\/p>\n<p><span style=\"text-align: justify;\">Programul manifest\u0103rii va fi urm\u0103torul:<\/span><\/p>\n<ul style=\"text-align: justify;\">\n<li>Program artistic, organizat de Casa de Cultur\u0103 \u0219i Biblioteca Rovinari<\/li>\n<li>Mas\u0103 festiv\u0103, organizat\u0103 de Prim\u0103ria Rovinari<\/li>\n<li style=\"text-align: justify;\">Concurs de dans \u0219i premii surpriz\u0103, organizat de Casa de Cultur\u0103 \u0219i Biblioteca Rovinari<\/li>\n<\/ul>\n<p style=\"text-align: center;\">V\u0103 a\u0219tept\u0103m cu drag!<\/p>\n<p style=\"text-align: justify;\">\n","protected":false},"excerpt":{"rendered":"<p>Consiliul Local Rovinari, \u00eempreun\u0103 cu Prim\u0103ria, Casa de Cultur\u0103 \u0219i Biblioteca Rovinari, organizeaz\u0103 manifestarea cultural\u0103 intitulat\u0103 \u201cZiua Interna\u021bional\u0103 a Persoanelor V\u00e2rstnice, Rovinari 2013\u201d. Aceasta va avea loc \u00een data de 01.10.2013, \u00eencep\u00e2nd cu orele 13:00. Vor fi invitate s\u0103 participe persoanele cu v\u00e2rsta de peste \u0219aizeci ani. Invita\u021biile pentru aceast\u0103 manifestare vor fi ridicate de [&hellip;]<\/p>\n","protected":false},"author":1001008,"featured_media":0,"comment_status":"open","ping_status":"open","sticky":false,"template":"","format":"standard","meta":{"ngg_post_thumbnail":0,"footnotes":""},"categories":[4],"tags":[525,524],"class_list":["post-6445","post","type-post","status-publish","format-standard","hentry","category-informatii-locale","tag-rovinari-2013","tag-ziua-internationala-a-persoanelor-varstnice"],"_links":{"self":[{"href":"https:\/\/primariarovinari.ro\/old\/wp-json\/wp\/v2\/posts\/6445","targetHints":{"allow":["GET"]}}],"collection":[{"href":"https:\/\/primariarovinari.ro\/old\/wp-json\/wp\/v2\/posts"}],"about":[{"href":"https:\/\/primariarovinari.ro\/old\/wp-json\/wp\/v2\/types\/post"}],"author":[{"embeddable":true,"href":"https:\/\/primariarovinari.ro\/old\/wp-json\/wp\/v2\/users\/1001008"}],"replies":[{"embeddable":true,"href":"https:\/\/primariarovinari.ro\/old\/wp-json\/wp\/v2\/comments?post=6445"}],"version-history":[{"count":0,"href":"https:\/\/primariarovinari.ro\/old\/wp-json\/wp\/v2\/posts\/6445\/revisions"}],"wp:attachment":[{"href":"https:\/\/primariarovinari.ro\/old\/wp-json\/wp\/v2\/media?parent=6445"}],"wp:term":[{"taxonomy":"category","embeddable":true,"href":"https:\/\/primariarovinari.ro\/old\/wp-json\/wp\/v2\/categories?post=6445"},{"taxonomy":"post_tag","embeddable":true,"href":"https:\/\/primariarovinari.ro\/old\/wp-json\/wp\/v2\/tags?post=6445"}],"curies":[{"name":"wp","href":"https:\/\/api.w.org\/{rel}","templated":true}]}}