{"id":6441,"date":"2013-09-24T08:47:44","date_gmt":"2013-09-24T06:47:44","guid":{"rendered":"http:\/\/www.primariarovinari.ro\/?p=6441"},"modified":"2013-09-24T09:31:21","modified_gmt":"2013-09-24T07:31:21","slug":"o-noua-campanie-%e2%80%9clet%e2%80%99s-do-it-romania%e2%80%9d-in-rovinari","status":"publish","type":"post","link":"https:\/\/primariarovinari.ro\/old\/2013\/09\/o-noua-campanie-%e2%80%9clet%e2%80%99s-do-it-romania%e2%80%9d-in-rovinari\/","title":{"rendered":"O nou\u0103 campanie \u201cLet\u2019s do it Romania!\u201d, \u00een Rovinari"},"content":{"rendered":"<p style=\"text-align: justify;\"><a href=\"http:\/\/www.primariarovinari.ro\/wp-content\/uploads\/2013\/09\/536161_436448069716055_206377174_n_resize.jpg\"><img loading=\"lazy\" decoding=\"async\" class=\"alignright size-medium wp-image-6442\" title=\"536161_436448069716055_206377174_n_resize\" src=\"http:\/\/www.primariarovinari.ro\/wp-content\/uploads\/2013\/09\/536161_436448069716055_206377174_n_resize-300x200.jpg\" alt=\"\" width=\"300\" height=\"200\" srcset=\"https:\/\/primariarovinari.ro\/old\/wp-content\/uploads\/2013\/09\/536161_436448069716055_206377174_n_resize-300x200.jpg 300w, https:\/\/primariarovinari.ro\/old\/wp-content\/uploads\/2013\/09\/536161_436448069716055_206377174_n_resize.jpg 1024w\" sizes=\"auto, (max-width: 300px) 100vw, 300px\" \/><\/a><\/p>\n<p style=\"text-align: justify;\">Aspectul general al ora\u0219ului este o responsabilitate primordial\u0103 pentru activitatea administra\u021biei locale, pentru c\u0103 implic\u0103 efecte din cele mai diverse, pornind de la cre\u0219terea confortului urban p\u00e2n\u0103 la contracararea factorilor poluan\u021bi.<\/p>\n<p style=\"text-align: justify;\">\u00cen acest sens, prim\u0103ria ora\u0219ului Rovinari, \u00eempreun\u0103 cu APM Gorj, Consiliul Jude\u021bean Gorj \u0219i Garda de Mediu Gorj, vor organiza \u00een data de 28.09.2013, orele 09:00, o nou\u0103 campanie de colectare a de\u0219eurilor, campanie intitulat\u0103 \u201cLet\u2019s do it Romania!\u201d<\/p>\n<p style=\"text-align: justify;\">\u00cei a\u0219tept\u0103m cu drag pe to\u021bi cei care doresc s\u0103 ne sprijine \u00een aceast\u0103 ac\u021biune. Ne dorim s\u0103 participe c\u00e2t mai mul\u0163i cet\u0103\u0163eni, pentru c\u0103 numai \u00eempreun\u0103 putem reu\u015fi s\u0103 avem un ora\u015f mereu curat \u015fi mereu s\u0103n\u0103tos!<\/p>\n<p style=\"text-align: justify;\">\n<p style=\"text-align: justify;\">\n","protected":false},"excerpt":{"rendered":"<p>Aspectul general al ora\u0219ului este o responsabilitate primordial\u0103 pentru activitatea administra\u021biei locale, pentru c\u0103 implic\u0103 efecte din cele mai diverse, pornind de la cre\u0219terea confortului urban p\u00e2n\u0103 la contracararea factorilor poluan\u021bi. \u00cen acest sens, prim\u0103ria ora\u0219ului Rovinari, \u00eempreun\u0103 cu APM Gorj, Consiliul Jude\u021bean Gorj \u0219i Garda de Mediu Gorj, vor organiza \u00een data de 28.09.2013, [&hellip;]<\/p>\n","protected":false},"author":1001008,"featured_media":0,"comment_status":"open","ping_status":"open","sticky":false,"template":"","format":"standard","meta":{"ngg_post_thumbnail":0,"footnotes":""},"categories":[4],"tags":[363],"class_list":["post-6441","post","type-post","status-publish","format-standard","hentry","category-informatii-locale","tag-lets-do-it-romania"],"_links":{"self":[{"href":"https:\/\/primariarovinari.ro\/old\/wp-json\/wp\/v2\/posts\/6441","targetHints":{"allow":["GET"]}}],"collection":[{"href":"https:\/\/primariarovinari.ro\/old\/wp-json\/wp\/v2\/posts"}],"about":[{"href":"https:\/\/primariarovinari.ro\/old\/wp-json\/wp\/v2\/types\/post"}],"author":[{"embeddable":true,"href":"https:\/\/primariarovinari.ro\/old\/wp-json\/wp\/v2\/users\/1001008"}],"replies":[{"embeddable":true,"href":"https:\/\/primariarovinari.ro\/old\/wp-json\/wp\/v2\/comments?post=6441"}],"version-history":[{"count":0,"href":"https:\/\/primariarovinari.ro\/old\/wp-json\/wp\/v2\/posts\/6441\/revisions"}],"wp:attachment":[{"href":"https:\/\/primariarovinari.ro\/old\/wp-json\/wp\/v2\/media?parent=6441"}],"wp:term":[{"taxonomy":"category","embeddable":true,"href":"https:\/\/primariarovinari.ro\/old\/wp-json\/wp\/v2\/categories?post=6441"},{"taxonomy":"post_tag","embeddable":true,"href":"https:\/\/primariarovinari.ro\/old\/wp-json\/wp\/v2\/tags?post=6441"}],"curies":[{"name":"wp","href":"https:\/\/api.w.org\/{rel}","templated":true}]}}