{"id":6423,"date":"2013-09-17T09:03:42","date_gmt":"2013-09-17T07:03:42","guid":{"rendered":"http:\/\/www.primariarovinari.ro\/?p=6423"},"modified":"2013-09-17T10:54:19","modified_gmt":"2013-09-17T08:54:19","slug":"anunt","status":"publish","type":"post","link":"https:\/\/primariarovinari.ro\/old\/2013\/09\/anunt\/","title":{"rendered":"Comunicat de pres\u0103 privind scopul adopt\u0103rii HCL 91\/31.07.2013 &#8211; aprobarea regulamentului de blocare a ro\u0163ilor oprite neregulamentar"},"content":{"rendered":"<p style=\"text-align: justify;\"><a href=\"http:\/\/www.primariarovinari.ro\/wp-content\/uploads\/2011\/09\/interviu-dorin-filip.jpg\"><img loading=\"lazy\" decoding=\"async\" class=\"alignright size-medium wp-image-3556\" style=\"margin-top: 5px; margin-bottom: 5px;\" title=\"interviu dorin filip\" src=\"http:\/\/www.primariarovinari.ro\/wp-content\/uploads\/2011\/09\/interviu-dorin-filip-300x168.jpg\" alt=\"\" width=\"300\" height=\"168\" srcset=\"https:\/\/primariarovinari.ro\/old\/wp-content\/uploads\/2011\/09\/interviu-dorin-filip-300x168.jpg 300w, https:\/\/primariarovinari.ro\/old\/wp-content\/uploads\/2011\/09\/interviu-dorin-filip.jpg 1024w\" sizes=\"auto, (max-width: 300px) 100vw, 300px\" \/><\/a>Pentru to\u0163i cet\u0103\u0163enii care nu au \u00een\u0163eles scopul adopt\u0103rii HCL 91\/31.07.2013. \u00cen urma sesiz\u0103rilor primite, \u00a0prim\u0103ria ora\u015fului Rovinari v\u0103 aduce la cuno\u015ftin\u0163\u0103 urm\u0103toarele:<\/p>\n<p style=\"text-align: justify;\">1.\tPrim\u0103ria ora\u015fului Rovinari a investit \u00een crearea locurilor de parcare de re\u015fedin\u0163\u0103 din dorin\u0163a de a asigura tuturor cet\u0103\u0163enilor de bun\u0103 credin\u0163\u0103, locuri de parcare pentru autoturisme.<\/p>\n<p style=\"text-align: justify;\">2.\tPre\u0163ul unui loc de parcare este de 10,5 lei\/lun\u0103 \u2013 o sum\u0103 modic\u0103, av\u00e2nd \u00een vedere raportarea la pre\u0163ul unui pachet de \u0163ig\u0103ri (spre exemplu), care este mult mai scump.<\/p>\n<p style=\"text-align: justify;\"><!--more-->3.\tCet\u0103\u0163enii care nu doresc s\u0103 \u00eenchirieze locuri de parcare, sau cei care vin \u00een vizit\u0103 \u00een ora\u015f pot parca \u00een orice alt loc, \u00een parc\u0103rile cu plat\u0103 sau \u00een cele f\u0103r\u0103 plat\u0103. Singurele locuri \u00een care nu pot parca sunt parc\u0103rile de re\u015fedin\u0163\u0103!<\/p>\n<p style=\"text-align: justify;\">4.\tDispozi\u0163iile HCL 91\/31.07.2013 se aplic\u0103 doar persoanelor care \u00a0nu au participat la licita\u0163ie \u015fi nu pl\u0103tesc pentru locuri de parcare \u015fi parcheaz\u0103 \u00een parc\u0103rile de re\u015fedin\u0163\u0103, pe locurile altor cet\u0103\u0163eni sau pe locurile libere, ne\u00eenchiriate.<\/p>\n<p style=\"text-align: justify;\">5.\tToate aceste m\u0103suri s-au luat din dorin\u0163a de a proteja cet\u0103\u0163enii de bun\u0103 credin\u0163\u0103, care pl\u0103tesc pentru locurile de parcare de re\u015fedin\u0163\u0103 \u015fi c\u0103rora noi, \u00een schimbul pl\u0103\u0163ii acestei taxe, suntem obliga\u0163i s\u0103 le asigur\u0103m locul de parcare liber.<\/p>\n<p style=\"text-align: justify;\">6.\tMai trebuie spus faptul c\u0103 sunt pu\u0163ine persoanele care trimit frecvent sesiz\u0103ri prim\u0103riei, majoritatea cat\u0103\u0163enilor mul\u0163umindu-ne pentru ceea ce am realizat!<\/p>\n","protected":false},"excerpt":{"rendered":"<p>Pentru to\u0163i cet\u0103\u0163enii care nu au \u00een\u0163eles scopul adopt\u0103rii HCL 91\/31.07.2013. \u00cen urma sesiz\u0103rilor primite, \u00a0prim\u0103ria ora\u015fului Rovinari v\u0103 aduce la cuno\u015ftin\u0163\u0103 urm\u0103toarele: 1. Prim\u0103ria ora\u015fului Rovinari a investit \u00een crearea locurilor de parcare de re\u015fedin\u0163\u0103 din dorin\u0163a de a asigura tuturor cet\u0103\u0163enilor de bun\u0103 credin\u0163\u0103, locuri de parcare pentru autoturisme. 2. Pre\u0163ul unui loc [&hellip;]<\/p>\n","protected":false},"author":1001008,"featured_media":0,"comment_status":"open","ping_status":"open","sticky":false,"template":"","format":"standard","meta":{"ngg_post_thumbnail":0,"footnotes":""},"categories":[3],"tags":[522],"class_list":["post-6423","post","type-post","status-publish","format-standard","hentry","category-comunicate-de-presa","tag-anunt-privind-hcl-9131-07-2013"],"_links":{"self":[{"href":"https:\/\/primariarovinari.ro\/old\/wp-json\/wp\/v2\/posts\/6423","targetHints":{"allow":["GET"]}}],"collection":[{"href":"https:\/\/primariarovinari.ro\/old\/wp-json\/wp\/v2\/posts"}],"about":[{"href":"https:\/\/primariarovinari.ro\/old\/wp-json\/wp\/v2\/types\/post"}],"author":[{"embeddable":true,"href":"https:\/\/primariarovinari.ro\/old\/wp-json\/wp\/v2\/users\/1001008"}],"replies":[{"embeddable":true,"href":"https:\/\/primariarovinari.ro\/old\/wp-json\/wp\/v2\/comments?post=6423"}],"version-history":[{"count":0,"href":"https:\/\/primariarovinari.ro\/old\/wp-json\/wp\/v2\/posts\/6423\/revisions"}],"wp:attachment":[{"href":"https:\/\/primariarovinari.ro\/old\/wp-json\/wp\/v2\/media?parent=6423"}],"wp:term":[{"taxonomy":"category","embeddable":true,"href":"https:\/\/primariarovinari.ro\/old\/wp-json\/wp\/v2\/categories?post=6423"},{"taxonomy":"post_tag","embeddable":true,"href":"https:\/\/primariarovinari.ro\/old\/wp-json\/wp\/v2\/tags?post=6423"}],"curies":[{"name":"wp","href":"https:\/\/api.w.org\/{rel}","templated":true}]}}