{"id":6413,"date":"2013-09-16T10:36:32","date_gmt":"2013-09-16T08:36:32","guid":{"rendered":"http:\/\/www.primariarovinari.ro\/?p=6413"},"modified":"2013-09-16T13:38:53","modified_gmt":"2013-09-16T11:38:53","slug":"gala-regionala-de-box-memorialul-titu-folcuti-la-editia-a-iv-a","status":"publish","type":"post","link":"https:\/\/primariarovinari.ro\/old\/2013\/09\/gala-regionala-de-box-memorialul-titu-folcuti-la-editia-a-iv-a\/","title":{"rendered":"Gala Regional\u0103 de Box &#8211; Memorialul &#8222;Titu Folcu\u0163i&#8221; la edi\u0163ia a IV-a"},"content":{"rendered":"<p style=\"text-align: justify;\"><a href=\"http:\/\/www.primariarovinari.ro\/wp-content\/uploads\/2013\/09\/gala-box-15.jpg\"><img loading=\"lazy\" decoding=\"async\" class=\"alignright size-medium wp-image-6414\" style=\"margin-top: 5px; margin-bottom: 5px;\" title=\"gala box (15)\" src=\"http:\/\/www.primariarovinari.ro\/wp-content\/uploads\/2013\/09\/gala-box-15-300x200.jpg\" alt=\"\" width=\"300\" height=\"200\" srcset=\"https:\/\/primariarovinari.ro\/old\/wp-content\/uploads\/2013\/09\/gala-box-15-300x200.jpg 300w, https:\/\/primariarovinari.ro\/old\/wp-content\/uploads\/2013\/09\/gala-box-15.jpg 1024w\" sizes=\"auto, (max-width: 300px) 100vw, 300px\" \/><\/a>Prim\u0103ria \u015fi Consiliul Local Rovinari \u00eempreun\u0103 cu Casa de Cultur\u0103 \u015fi Biblioteca Rovinari au organizat s\u00e2mb\u0103t\u0103 14 septembrie cea de-a IV-a edi\u0163ie a Galei Regionale de Box \u2013 Memorialul \u201eTitu Folcu\u0163i\u201d. La eveniment au participat cluburi sportive cu tradi\u0163ie \u00een box din: Craiova, R\u00e2mnicu V\u00e2lcea, Timi\u015foara, T\u00e2rgovi\u015fte, Tg.-Jiu, Rovinari.<\/p>\n<p style=\"text-align: justify;\">Gala a \u00eenceput cu intonarea imnului de stat al Rom\u00e2niei, dup\u0103 care s-a \u0163inut un moment de reculegere \u00een memoria celui care a fost Titu Folcu\u0163i. So\u0163ia lui Titu Flocu\u0163i a fost prezent\u0103 \u015fi la aceast\u0103 edi\u0163ie a galei de box, primind un trofeu din partea organizatorilor. Au mai fost premia\u0163i Ninel Geic\u0103 \u015fi Petri\u015for G\u0103n\u0103n\u0103u pentru \u00eentreaga contribu\u0163ie adus\u0103 boxului gorjean.<\/p>\n<p style=\"text-align: justify;\"><!--more-->Sportivii Clubului Sportiv Jiul Rovinari au \u00eemp\u0103r\u0163it pumni \u00een st\u00e2nga \u015fi-n dreapta, domin\u00e2nd aceast\u0103 gal\u0103 de box mai clar ca niciodat\u0103.<\/p>\n<p style=\"text-align: justify;\">ngg_shortcode_0_placeholder<\/p>\n<p style=\"text-align: justify;\">\n","protected":false},"excerpt":{"rendered":"<p>Prim\u0103ria \u015fi Consiliul Local Rovinari \u00eempreun\u0103 cu Casa de Cultur\u0103 \u015fi Biblioteca Rovinari au organizat s\u00e2mb\u0103t\u0103 14 septembrie cea de-a IV-a edi\u0163ie a Galei Regionale de Box \u2013 Memorialul \u201eTitu Folcu\u0163i\u201d. La eveniment au participat cluburi sportive cu tradi\u0163ie \u00een box din: Craiova, R\u00e2mnicu V\u00e2lcea, Timi\u015foara, T\u00e2rgovi\u015fte, Tg.-Jiu, Rovinari. Gala a \u00eenceput cu intonarea imnului [&hellip;]<\/p>\n","protected":false},"author":1001008,"featured_media":0,"comment_status":"open","ping_status":"open","sticky":false,"template":"","format":"standard","meta":{"ngg_post_thumbnail":0,"footnotes":""},"categories":[14],"tags":[376],"class_list":["post-6413","post","type-post","status-publish","format-standard","hentry","category-cs-jiul-rovinari","tag-gala-de-box"],"_links":{"self":[{"href":"https:\/\/primariarovinari.ro\/old\/wp-json\/wp\/v2\/posts\/6413","targetHints":{"allow":["GET"]}}],"collection":[{"href":"https:\/\/primariarovinari.ro\/old\/wp-json\/wp\/v2\/posts"}],"about":[{"href":"https:\/\/primariarovinari.ro\/old\/wp-json\/wp\/v2\/types\/post"}],"author":[{"embeddable":true,"href":"https:\/\/primariarovinari.ro\/old\/wp-json\/wp\/v2\/users\/1001008"}],"replies":[{"embeddable":true,"href":"https:\/\/primariarovinari.ro\/old\/wp-json\/wp\/v2\/comments?post=6413"}],"version-history":[{"count":0,"href":"https:\/\/primariarovinari.ro\/old\/wp-json\/wp\/v2\/posts\/6413\/revisions"}],"wp:attachment":[{"href":"https:\/\/primariarovinari.ro\/old\/wp-json\/wp\/v2\/media?parent=6413"}],"wp:term":[{"taxonomy":"category","embeddable":true,"href":"https:\/\/primariarovinari.ro\/old\/wp-json\/wp\/v2\/categories?post=6413"},{"taxonomy":"post_tag","embeddable":true,"href":"https:\/\/primariarovinari.ro\/old\/wp-json\/wp\/v2\/tags?post=6413"}],"curies":[{"name":"wp","href":"https:\/\/api.w.org\/{rel}","templated":true}]}}