{"id":6405,"date":"2013-09-16T11:32:43","date_gmt":"2013-09-16T09:32:43","guid":{"rendered":"http:\/\/www.primariarovinari.ro\/?p=6405"},"modified":"2013-09-16T12:05:03","modified_gmt":"2013-09-16T10:05:03","slug":"a-inceput-anul-scolar-2013-2014","status":"publish","type":"post","link":"https:\/\/primariarovinari.ro\/old\/2013\/09\/a-inceput-anul-scolar-2013-2014\/","title":{"rendered":"Anul \u015fcolar a debutat cu emo\u0163ia primei zi de \u015fcoal\u0103 \u015fi bucuria revederii"},"content":{"rendered":"<p style=\"text-align: justify;\"><a href=\"http:\/\/www.youtube.com\/watch?v=KBpBrT-SrGo&amp;feature=share&amp;list=UUBAiSAGpFIkC3IETLUFJ-bA\" target=\"_blank\"><img loading=\"lazy\" decoding=\"async\" class=\"alignright size-medium wp-image-6408\" style=\"margin-top: 5px; margin-bottom: 5px;\" title=\"deschidere an scolar (3)\" src=\"http:\/\/www.primariarovinari.ro\/wp-content\/uploads\/2013\/09\/deschidere-an-scolar-3-300x200.jpg\" alt=\"\" width=\"300\" height=\"200\" srcset=\"https:\/\/primariarovinari.ro\/old\/wp-content\/uploads\/2013\/09\/deschidere-an-scolar-3-300x200.jpg 300w, https:\/\/primariarovinari.ro\/old\/wp-content\/uploads\/2013\/09\/deschidere-an-scolar-3.jpg 1024w\" sizes=\"auto, (max-width: 300px) 100vw, 300px\" \/><\/a>Cei aproximtiv 2300 de elevi din \u00eenv\u0103\u0163\u0103m\u00e2ntul primar, gimnazial \u015fi liceal, precum \u015fi copii de gr\u0103dini\u0163\u0103 au \u00eenceput ast\u0103zi \u015fcoala, \u00eencerca\u0163i de emo\u0163ii \u015fi bucuro\u015fi de revederea colegilor, prietenilor \u015fi profesorilor.<\/p>\n<p style=\"text-align: justify;\">Deschiderea anului \u015fcolar \u00een ora\u015ful Rovinari a decurs f\u0103r\u0103 probleme. Toate \u015fcolile din ora\u015f au fost preg\u0103tite pentru a-\u015fi \u00eent\u00e2mpina elevii. Edilul ora\u015fului, Filip Dorin, a acordat o aten\u0163ie deosebit\u0103 unit\u0103\u0163ilor de \u00eenv\u0103\u0163\u0103m\u00e2nt, iar pe parcursul a c\u00e2\u0163iva ani s-au f\u0103cut investi\u0163ii serioase at\u00e2t \u00een \u015fcoli, c\u00e2t \u015fi \u00een gr\u0103dini\u0163e \u015fi cre\u015fe.<\/p>\n<p style=\"text-align: justify;\"><!--more-->Festivitatea a debutat cu o slujb\u0103 \u0163inut\u0103 de preotul paroh al Catedralei \u201eSfin\u0163ii Constantin \u015fi Elena\u201d din ora\u015ful Rovinari. A fost prezent\u0103 \u015fi doamna Violeta B\u0103rboi, inspector de specialitate \u00een cadrul Inspectoratului \u015ecolar Gorj, care a transmis elevilor discursul domnului inspector general \u015fi a \u0163inut s\u0103 transmit\u0103 celor din an terminal mult success la examenul de bacalaureat care va urma.<\/p>\n<p style=\"text-align: justify;\">Viceprimarul ora\u015fului Rovinari, Chivu Lauren\u0163iu, a urat bun venit tuturor \u00een noul an \u015fcolar \u015fi a transmis discursul primarului Filip Dorin. Acesta a mul\u0163umit cadrelor didactice pentru buna colaborare cu Prim\u0103ria \u015fi Consiliul Local Rovinari, asigur\u00e2ndu-le totodat\u0103 de sprijinul administra\u0163iei publice locale \u015fi pe viitor.<\/p>\n<p style=\"text-align: justify;\">ngg_shortcode_0_placeholder<\/p>\n<p style=\"text-align: justify;\">\n","protected":false},"excerpt":{"rendered":"<p>Cei aproximtiv 2300 de elevi din \u00eenv\u0103\u0163\u0103m\u00e2ntul primar, gimnazial \u015fi liceal, precum \u015fi copii de gr\u0103dini\u0163\u0103 au \u00eenceput ast\u0103zi \u015fcoala, \u00eencerca\u0163i de emo\u0163ii \u015fi bucuro\u015fi de revederea colegilor, prietenilor \u015fi profesorilor. Deschiderea anului \u015fcolar \u00een ora\u015ful Rovinari a decurs f\u0103r\u0103 probleme. Toate \u015fcolile din ora\u015f au fost preg\u0103tite pentru a-\u015fi \u00eent\u00e2mpina elevii. Edilul ora\u015fului, Filip [&hellip;]<\/p>\n","protected":false},"author":1001008,"featured_media":0,"comment_status":"open","ping_status":"open","sticky":false,"template":"","format":"standard","meta":{"ngg_post_thumbnail":0,"footnotes":""},"categories":[4],"tags":[521],"class_list":["post-6405","post","type-post","status-publish","format-standard","hentry","category-informatii-locale","tag-inceput-an-scolar-2013-2014"],"_links":{"self":[{"href":"https:\/\/primariarovinari.ro\/old\/wp-json\/wp\/v2\/posts\/6405","targetHints":{"allow":["GET"]}}],"collection":[{"href":"https:\/\/primariarovinari.ro\/old\/wp-json\/wp\/v2\/posts"}],"about":[{"href":"https:\/\/primariarovinari.ro\/old\/wp-json\/wp\/v2\/types\/post"}],"author":[{"embeddable":true,"href":"https:\/\/primariarovinari.ro\/old\/wp-json\/wp\/v2\/users\/1001008"}],"replies":[{"embeddable":true,"href":"https:\/\/primariarovinari.ro\/old\/wp-json\/wp\/v2\/comments?post=6405"}],"version-history":[{"count":0,"href":"https:\/\/primariarovinari.ro\/old\/wp-json\/wp\/v2\/posts\/6405\/revisions"}],"wp:attachment":[{"href":"https:\/\/primariarovinari.ro\/old\/wp-json\/wp\/v2\/media?parent=6405"}],"wp:term":[{"taxonomy":"category","embeddable":true,"href":"https:\/\/primariarovinari.ro\/old\/wp-json\/wp\/v2\/categories?post=6405"},{"taxonomy":"post_tag","embeddable":true,"href":"https:\/\/primariarovinari.ro\/old\/wp-json\/wp\/v2\/tags?post=6405"}],"curies":[{"name":"wp","href":"https:\/\/api.w.org\/{rel}","templated":true}]}}